{"id":1516,"date":"2016-05-22T10:01:13","date_gmt":"2016-05-22T10:01:13","guid":{"rendered":"http:\/\/www.echlorial.fr\/blog\/?p=1516"},"modified":"2016-07-06T10:01:53","modified_gmt":"2016-07-06T10:01:53","slug":"chlorella-candida-douleur","status":"publish","type":"post","link":"https:\/\/www.echlorial.fr\/blog\/chlorella-candida-douleur\/","title":{"rendered":"Chlorella pour Candida albicans"},"content":{"rendered":"<p><span style=\"font-size: 12pt;\">J&rsquo;avais d\u00e9j\u00e0 utilis\u00e9 votre chlorella il y a de cela 2 ans pour un candida albican et j&rsquo;ai eu un r\u00e9sultat incroyable.<\/span><\/p>\n<p><span style=\"font-size: 12pt;\">A l\u2019\u00e9poque je r\u00e9sidais en Martinique, maintenant je suis en France d\u00e9finitivement mais j&rsquo;ai d\u2019\u00e9norme soucis de douleur au sein droit. Apres consultation le m\u00e9decin ne trouve aucune grosseur mais la douleur persiste et se diffuse aussi au niveau du bras jusqu\u2019\u00e0 la main.<\/span><\/p>\n<p><span style=\"font-size: 12pt;\">Je souhaite vous demander si je peux faire un traitement avec la chlorella pour ce probl\u00e8me sachant que je prends de la vitamine B, du zinc et du fer car j&rsquo;ai aussi une d\u00e9calcification osseuse du cot\u00e9 droit (pas du cot\u00e9 ou j&rsquo;ai la douleur). Si je peux faire une cure comment dois-je prendre la chlorella et en quelle quantit\u00e9 et si en poudre ou en comprim\u00e9s.<\/span><\/p>\n<p><span style=\"font-size: 12pt;\">Merci,<\/span><\/p>\n<div><span style=\"font-size: 14pt;\"><a class=\"btn btn-default\">Anne<\/a><\/span><\/div>\n<p>&nbsp;<\/p>\n","protected":false},"excerpt":{"rendered":"<p>J&rsquo;avais d\u00e9j\u00e0 utilis\u00e9 votre chlorella il y a de cela 2 ans pour un candida albican et j&rsquo;ai eu un r\u00e9sultat incroyable. A l\u2019\u00e9poque je r\u00e9sidais en Martinique, maintenant je suis en France d\u00e9finitivement mais j&rsquo;ai d\u2019\u00e9norme soucis de douleur au sein droit. Apres consultation le m\u00e9decin ne trouve aucune grosseur mais la douleur persiste [&hellip;]<\/p>\n","protected":false},"author":2,"featured_media":59,"comment_status":"open","ping_status":"open","sticky":false,"template":"","format":"standard","meta":[],"categories":[4,26],"tags":[],"acf":[],"yoast_head":"<!-- This site is optimized with the Yoast SEO plugin v19.7.1 - https:\/\/yoast.com\/wordpress\/plugins\/seo\/ -->\n<title>Chlorella pour Candida albicans<\/title>\n<meta name=\"description\" content=\"J&#039;avais\u00a0d\u00e9j\u00e0\u00a0utilis\u00e9\u00a0votre chlorella il y a de cela 2 ans pour un candida albican et j&#039;ai eu un\u00a0r\u00e9sultat\u00a0incroyable. A\u00a0l\u2019\u00e9poque\u00a0je\u00a0r\u00e9sidais\u00a0en Martinique,\" \/>\n<meta name=\"robots\" content=\"index, follow, max-snippet:-1, max-image-preview:large, max-video-preview:-1\" \/>\n<link rel=\"canonical\" href=\"https:\/\/www.echlorial.fr\/blog\/chlorella-candida-douleur\/\" \/>\n<meta property=\"og:locale\" content=\"fr_FR\" \/>\n<meta property=\"og:type\" content=\"article\" \/>\n<meta property=\"og:title\" content=\"Chlorella pour Candida albicans\" \/>\n<meta property=\"og:description\" content=\"J&#039;avais\u00a0d\u00e9j\u00e0\u00a0utilis\u00e9\u00a0votre chlorella il y a de cela 2 ans pour un candida albican et j&#039;ai eu un\u00a0r\u00e9sultat\u00a0incroyable. A\u00a0l\u2019\u00e9poque\u00a0je\u00a0r\u00e9sidais\u00a0en Martinique,\" \/>\n<meta property=\"og:url\" content=\"https:\/\/www.echlorial.fr\/blog\/chlorella-candida-douleur\/\" \/>\n<meta property=\"og:site_name\" content=\"eChlorial\" \/>\n<meta property=\"article:published_time\" content=\"2016-05-22T10:01:13+00:00\" \/>\n<meta property=\"article:modified_time\" content=\"2016-07-06T10:01:53+00:00\" \/>\n<meta property=\"og:image\" content=\"https:\/\/www.echlorial.fr\/blog\/wp-content\/uploads\/2015\/03\/Avatar-Femme.jpg\" \/>\n\t<meta property=\"og:image:width\" content=\"1900\" \/>\n\t<meta property=\"og:image:height\" content=\"254\" \/>\n\t<meta property=\"og:image:type\" content=\"image\/jpeg\" \/>\n<meta name=\"author\" content=\"Muriel Cathaud, Docteur es Sciences\" \/>\n<meta name=\"twitter:label1\" content=\"\u00c9crit par\" \/>\n\t<meta name=\"twitter:data1\" content=\"Muriel Cathaud, Docteur es Sciences\" \/>\n\t<meta name=\"twitter:label2\" content=\"Dur\u00e9e de lecture estim\u00e9e\" \/>\n\t<meta name=\"twitter:data2\" content=\"1 minute\" \/>\n<script type=\"application\/ld+json\" class=\"yoast-schema-graph\">{\"@context\":\"https:\/\/schema.org\",\"@graph\":[{\"@type\":\"WebPage\",\"@id\":\"https:\/\/www.echlorial.fr\/blog\/chlorella-candida-douleur\/\",\"url\":\"https:\/\/www.echlorial.fr\/blog\/chlorella-candida-douleur\/\",\"name\":\"Chlorella pour Candida albicans\",\"isPartOf\":{\"@id\":\"https:\/\/www.echlorial.com\/blog\/#website\"},\"datePublished\":\"2016-05-22T10:01:13+00:00\",\"dateModified\":\"2016-07-06T10:01:53+00:00\",\"author\":{\"@id\":\"https:\/\/www.echlorial.com\/blog\/#\/schema\/person\/e45d017630e2d6e097a1c8df479598f6\"},\"description\":\"J'avais\u00a0d\u00e9j\u00e0\u00a0utilis\u00e9\u00a0votre chlorella il y a de cela 2 ans pour un candida albican et j'ai eu un\u00a0r\u00e9sultat\u00a0incroyable. A\u00a0l\u2019\u00e9poque\u00a0je\u00a0r\u00e9sidais\u00a0en Martinique,\",\"breadcrumb\":{\"@id\":\"https:\/\/www.echlorial.fr\/blog\/chlorella-candida-douleur\/#breadcrumb\"},\"inLanguage\":\"fr-FR\",\"potentialAction\":[{\"@type\":\"ReadAction\",\"target\":[\"https:\/\/www.echlorial.fr\/blog\/chlorella-candida-douleur\/\"]}]},{\"@type\":\"BreadcrumbList\",\"@id\":\"https:\/\/www.echlorial.fr\/blog\/chlorella-candida-douleur\/#breadcrumb\",\"itemListElement\":[{\"@type\":\"ListItem\",\"position\":1,\"name\":\"Accueil\",\"item\":\"https:\/\/www.echlorial.fr\/\"},{\"@type\":\"ListItem\",\"position\":2,\"name\":\"T\u00e9moignages\",\"item\":\"https:\/\/www.echlorial.fr\/blog\/category\/temoignages-fr\/\"},{\"@type\":\"ListItem\",\"position\":3,\"name\":\"Voies urinaires\",\"item\":\"https:\/\/www.echlorial.fr\/blog\/category\/temoignages-fr\/candida-albicans\/\"},{\"@type\":\"ListItem\",\"position\":4,\"name\":\"Chlorella pour Candida albicans\"}]},{\"@type\":\"WebSite\",\"@id\":\"https:\/\/www.echlorial.com\/blog\/#website\",\"url\":\"https:\/\/www.echlorial.com\/blog\/\",\"name\":\"eChlorial\",\"description\":\"Chlorella extra pure cultiv\u00e9e sous tube de verre en Allemagne\",\"potentialAction\":[{\"@type\":\"SearchAction\",\"target\":{\"@type\":\"EntryPoint\",\"urlTemplate\":\"https:\/\/www.echlorial.com\/blog\/?s={search_term_string}\"},\"query-input\":\"required name=search_term_string\"}],\"inLanguage\":\"fr-FR\"},{\"@type\":\"Person\",\"@id\":\"https:\/\/www.echlorial.com\/blog\/#\/schema\/person\/e45d017630e2d6e097a1c8df479598f6\",\"name\":\"Muriel Cathaud, Docteur es Sciences\",\"description\":\"Muriel Cathaud, Docteur es Sciences en Physique-Chimie\",\"sameAs\":[\"http:\/\/www.echlorial.fr\"],\"url\":\"https:\/\/www.echlorial.fr\/blog\/author\/directionechlorial-com\/\"}]}<\/script>\n<!-- \/ Yoast SEO plugin. -->","yoast_head_json":{"title":"Chlorella pour Candida albicans","description":"J'avais\u00a0d\u00e9j\u00e0\u00a0utilis\u00e9\u00a0votre chlorella il y a de cela 2 ans pour un candida albican et j'ai eu un\u00a0r\u00e9sultat\u00a0incroyable. A\u00a0l\u2019\u00e9poque\u00a0je\u00a0r\u00e9sidais\u00a0en Martinique,","robots":{"index":"index","follow":"follow","max-snippet":"max-snippet:-1","max-image-preview":"max-image-preview:large","max-video-preview":"max-video-preview:-1"},"canonical":"https:\/\/www.echlorial.fr\/blog\/chlorella-candida-douleur\/","og_locale":"fr_FR","og_type":"article","og_title":"Chlorella pour Candida albicans","og_description":"J'avais\u00a0d\u00e9j\u00e0\u00a0utilis\u00e9\u00a0votre chlorella il y a de cela 2 ans pour un candida albican et j'ai eu un\u00a0r\u00e9sultat\u00a0incroyable. A\u00a0l\u2019\u00e9poque\u00a0je\u00a0r\u00e9sidais\u00a0en Martinique,","og_url":"https:\/\/www.echlorial.fr\/blog\/chlorella-candida-douleur\/","og_site_name":"eChlorial","article_published_time":"2016-05-22T10:01:13+00:00","article_modified_time":"2016-07-06T10:01:53+00:00","og_image":[{"width":1900,"height":254,"url":"https:\/\/www.echlorial.fr\/blog\/wp-content\/uploads\/2015\/03\/Avatar-Femme.jpg","type":"image\/jpeg"}],"author":"Muriel Cathaud, Docteur es Sciences","twitter_misc":{"\u00c9crit par":"Muriel Cathaud, Docteur es Sciences","Dur\u00e9e de lecture estim\u00e9e":"1 minute"},"schema":{"@context":"https:\/\/schema.org","@graph":[{"@type":"WebPage","@id":"https:\/\/www.echlorial.fr\/blog\/chlorella-candida-douleur\/","url":"https:\/\/www.echlorial.fr\/blog\/chlorella-candida-douleur\/","name":"Chlorella pour Candida albicans","isPartOf":{"@id":"https:\/\/www.echlorial.com\/blog\/#website"},"datePublished":"2016-05-22T10:01:13+00:00","dateModified":"2016-07-06T10:01:53+00:00","author":{"@id":"https:\/\/www.echlorial.com\/blog\/#\/schema\/person\/e45d017630e2d6e097a1c8df479598f6"},"description":"J'avais\u00a0d\u00e9j\u00e0\u00a0utilis\u00e9\u00a0votre chlorella il y a de cela 2 ans pour un candida albican et j'ai eu un\u00a0r\u00e9sultat\u00a0incroyable. A\u00a0l\u2019\u00e9poque\u00a0je\u00a0r\u00e9sidais\u00a0en Martinique,","breadcrumb":{"@id":"https:\/\/www.echlorial.fr\/blog\/chlorella-candida-douleur\/#breadcrumb"},"inLanguage":"fr-FR","potentialAction":[{"@type":"ReadAction","target":["https:\/\/www.echlorial.fr\/blog\/chlorella-candida-douleur\/"]}]},{"@type":"BreadcrumbList","@id":"https:\/\/www.echlorial.fr\/blog\/chlorella-candida-douleur\/#breadcrumb","itemListElement":[{"@type":"ListItem","position":1,"name":"Accueil","item":"https:\/\/www.echlorial.fr\/"},{"@type":"ListItem","position":2,"name":"T\u00e9moignages","item":"https:\/\/www.echlorial.fr\/blog\/category\/temoignages-fr\/"},{"@type":"ListItem","position":3,"name":"Voies urinaires","item":"https:\/\/www.echlorial.fr\/blog\/category\/temoignages-fr\/candida-albicans\/"},{"@type":"ListItem","position":4,"name":"Chlorella pour Candida albicans"}]},{"@type":"WebSite","@id":"https:\/\/www.echlorial.com\/blog\/#website","url":"https:\/\/www.echlorial.com\/blog\/","name":"eChlorial","description":"Chlorella extra pure cultiv\u00e9e sous tube de verre en Allemagne","potentialAction":[{"@type":"SearchAction","target":{"@type":"EntryPoint","urlTemplate":"https:\/\/www.echlorial.com\/blog\/?s={search_term_string}"},"query-input":"required name=search_term_string"}],"inLanguage":"fr-FR"},{"@type":"Person","@id":"https:\/\/www.echlorial.com\/blog\/#\/schema\/person\/e45d017630e2d6e097a1c8df479598f6","name":"Muriel Cathaud, Docteur es Sciences","description":"Muriel Cathaud, Docteur es Sciences en Physique-Chimie","sameAs":["http:\/\/www.echlorial.fr"],"url":"https:\/\/www.echlorial.fr\/blog\/author\/directionechlorial-com\/"}]}},"_links":{"self":[{"href":"https:\/\/www.echlorial.fr\/blog\/wp-json\/wp\/v2\/posts\/1516"}],"collection":[{"href":"https:\/\/www.echlorial.fr\/blog\/wp-json\/wp\/v2\/posts"}],"about":[{"href":"https:\/\/www.echlorial.fr\/blog\/wp-json\/wp\/v2\/types\/post"}],"author":[{"embeddable":true,"href":"https:\/\/www.echlorial.fr\/blog\/wp-json\/wp\/v2\/users\/2"}],"replies":[{"embeddable":true,"href":"https:\/\/www.echlorial.fr\/blog\/wp-json\/wp\/v2\/comments?post=1516"}],"version-history":[{"count":5,"href":"https:\/\/www.echlorial.fr\/blog\/wp-json\/wp\/v2\/posts\/1516\/revisions"}],"predecessor-version":[{"id":1521,"href":"https:\/\/www.echlorial.fr\/blog\/wp-json\/wp\/v2\/posts\/1516\/revisions\/1521"}],"wp:featuredmedia":[{"embeddable":true,"href":"https:\/\/www.echlorial.fr\/blog\/wp-json\/wp\/v2\/media\/59"}],"wp:attachment":[{"href":"https:\/\/www.echlorial.fr\/blog\/wp-json\/wp\/v2\/media?parent=1516"}],"wp:term":[{"taxonomy":"category","embeddable":true,"href":"https:\/\/www.echlorial.fr\/blog\/wp-json\/wp\/v2\/categories?post=1516"},{"taxonomy":"post_tag","embeddable":true,"href":"https:\/\/www.echlorial.fr\/blog\/wp-json\/wp\/v2\/tags?post=1516"}],"curies":[{"name":"wp","href":"https:\/\/api.w.org\/{rel}","templated":true}]}}