{"id":1606,"date":"2016-08-24T10:22:21","date_gmt":"2016-08-24T10:22:21","guid":{"rendered":"http:\/\/www.echlorial.fr\/blog\/?p=1606"},"modified":"2022-02-21T11:34:06","modified_gmt":"2022-02-21T11:34:06","slug":"lieke-kay-nutritionniste","status":"publish","type":"post","link":"https:\/\/www.echlorial.fr\/blog\/lieke-kay-nutritionniste\/","title":{"rendered":"Rencontre avec Lieke Kay, nutritionniste et naturopathe \u00e0 Cannes"},"content":{"rendered":"\n<div class=\"wp-block-image wp-image-1617 size-full\"><figure class=\"alignright\"><img loading=\"lazy\" width=\"390\" height=\"250\" src=\"\/\/www.echlorial.fr\/blog\/wp-content\/uploads\/2016\/08\/Detox.jpg\" alt=\"Programme d\u00e9tox [Photo credit: La Verri\u00e8re]\" class=\"wp-image-1617\" srcset=\"https:\/\/www.echlorial.fr\/blog\/wp-content\/uploads\/2016\/08\/Detox.jpg 390w, https:\/\/www.echlorial.fr\/blog\/wp-content\/uploads\/2016\/08\/Detox-300x192.jpg 300w\" sizes=\"(max-width: 390px) 100vw, 390px\" \/><figcaption>Programme d\u00e9tox [Photo credit: La Verri\u00e8re]<\/figcaption><\/figure><\/div>\n\n\n\n<h2>Parlez-nous de vous! Que faites vous et quel est votre parcours?<\/h2>\n\n\n\n<p><span style=\"font-size: 12pt;\">J\u2019ai fait toutes mes \u00e9tudes aux Etats-Unis et je suis dipl\u00f4m\u00e9e en science de la nutrition et en m\u00e9decine pr\u00e9ventive.&nbsp;J\u2019ai v\u00e9cu dans de nombreux pays o\u00f9 j\u2019ai exerc\u00e9 mon m\u00e9tier, m\u2019enrichissant au fil des ann\u00e9es et des rencontres d\u2019une tr\u00e8s large exp\u00e9rience en mati\u00e8re de pr\u00e9vention sant\u00e9 et recherche du bien-\u00eatre.<\/span><\/p>\n\n\n\n<h2>Vous consommez la Chlorella eChlorial depuis de nombreuses ann\u00e9es et vous la conseillez beaucoup. Comment l&rsquo;avez vous connue?<\/h2>\n\n\n\n<p><span style=\"font-size: 12pt;\">Je peux affirmer que j\u2019attribue \u00e0 la <a href=\"https:\/\/www.echlorial.fr\/14-chlorella\">Chlorella Bio<\/a> eChlorial le m\u00e9rite de ma forme et de mon excellent niveau d\u2019\u00e9nergie depuis de tr\u00e8s nombreuses ann\u00e9es. Croyez-moi, ces petites pastilles vertes de micro algues ont un pouvoir extraordinaire !<\/span><\/p>\n\n\n\n<p><span style=\"font-size: 12pt;\">Je consomme la chlorella depuis ma rencontre avec Muriel il y a une quinzaine d\u2019ann\u00e9es maintenant et je la conseille r\u00e9guli\u00e8rement.&nbsp;Toutes les personnes \u00e0 qui je recommande de prendre de la chlorella sont tr\u00e8s satisfaites et la plupart d\u2019entre elles ne veulent plus s\u2019en passer !<\/span><\/p>\n\n\n\n<h2>Vous consommez la Chlorella eChlorial depuis de nombreuses ann\u00e9es et vous la conseillez beaucoup. Comment l&rsquo;avez vous connue?<\/h2>\n\n\n\n<p><span style=\"font-size: 12pt;\">Je recommande la chlorelle en traitement d\u2019entretien pour de la pr\u00e9vention sant\u00e9 mais aussi pour redonner de l\u2019\u00e9nergie et retrouver un mieux-\u00eatre, pour d\u00e9toxifier l\u2019organisme des <a href=\"https:\/\/www.echlorial.fr\/blog\/metaux-lourds-etude-chlorella\/\">m\u00e9taux lourds<\/a>, pour nettoyer le foie, ou encore en pr\u00e9vision d\u2019interventions dentaires.<\/span><\/p>\n\n\n\n<div class=\"wp-block-image wp-image-1614 size-full\"><figure class=\"alignleft\"><img loading=\"lazy\" width=\"731\" height=\"405\" src=\"\/\/www.echlorial.fr\/blog\/wp-content\/uploads\/2016\/08\/LaVerriere_Lieke.jpg\" alt=\"La Verri\u00e8re, Centre de remise en forme \u00e0 Cannes\" class=\"wp-image-1614\" srcset=\"https:\/\/www.echlorial.fr\/blog\/wp-content\/uploads\/2016\/08\/LaVerriere_Lieke.jpg 731w, https:\/\/www.echlorial.fr\/blog\/wp-content\/uploads\/2016\/08\/LaVerriere_Lieke-300x166.jpg 300w\" sizes=\"(max-width: 731px) 100vw, 731px\" \/><figcaption>La Verri\u00e8re, centre de remise en forme \u00e0 Cannes<\/figcaption><\/figure><\/div>\n\n\n\n<h2>\u2022 Vous avez cr\u00e9er un centre de remise en forme \/ retraites,&nbsp;\u00e0&nbsp;Cannes dans un endroit magnifique. Quelle est votre approche pour apaiser le corps &amp; l&rsquo;esprit des gens qui viennent vous voir?<\/h2>\n\n\n\n<p><span style=\"font-size: 12pt;\">J\u2019ai pu tester beaucoup de compl\u00e9ments alimentaires diff\u00e9rents tout au long de ma carri\u00e8re de professionnelle de sant\u00e9 et je dois dire que si je devais n\u2019en retenir qu\u2019un seul, ce serait la chlorella !<\/span><\/p>\n\n\n\n<p><span style=\"font-size: 12pt;\">A La Verri\u00e8re, le centre de remise en forme que j\u2019ai cr\u00e9\u00e9, un \u00ab\u00a0havre de paix\u00a0\u00bb, je propose des programmes pour des personnes souffrant de \u00ab\u00a0burnout\u00a0\u00bb mais aussi des programmes \u00ab <a href=\"https:\/\/www.echlorial.fr\/blog\/chlorella-detox-fonctionnement\/\">d\u00e9tox<\/a> \u00bb adapt\u00e9s aux besoins de chacun. La sant\u00e9 et le bien-\u00eatre sont le r\u00e9sultat d\u2019un \u00e9quilibre entre le corps et l\u2019esprit. Ma m\u00e9thode consiste en une approche globale de la personne. Avant tout, il est indispensable de prendre en consid\u00e9ration les pouvoirs de l\u2019esprit sur le corps. A La Verri\u00e8re, nous organisons r\u00e9guli\u00e8rement des sessions visant \u00e0 cr\u00e9er une prise de conscience de la force de chacun sur son propre corps. La science nous enseigne maintenant que l\u2019\u00e9tat de paix int\u00e9rieur favorise le fonctionnement optimal de nos organes. Ainsi une meilleure circulation des fluides permettra une assimilation optimale des nutriments et l\u2019\u00e9limination des toxines.<\/span><\/p>\n\n\n\n<p><span style=\"font-size: 12pt;\">De plus, j\u2019accorde une place tout \u00e0 fait primordiale au travail sur l\u2019intestin, notre deuxi\u00e8me cerveau ! Son \u00e9quilibre est essentiel car il est le garant d\u2019une bonne communication avec le cerveau \u00ab du haut \u00bb. Il joue un r\u00f4le majeur dans notre bien-\u00eatre. La chlorella participe au r\u00e9\u00e9quilibrage et au maintien d\u2019un bon \u00e9quilibre de l\u2019intestin.&nbsp;Je propose \u00e9galement une approche au soin par la lumi\u00e8re et l\u2019\u00e9lectromagn\u00e9tisme avec le Theragem.<\/span><\/p>\n\n\n\n<div class=\"wp-block-image wp-image-1615 size-full\"><figure class=\"alignright\"><img loading=\"lazy\" width=\"395\" height=\"250\" src=\"\/\/www.echlorial.fr\/blog\/wp-content\/uploads\/2016\/08\/Yoga.jpg\" alt=\"La Verri\u00e8re: mindfulness , retraites post-burnout, programmes detox...\" class=\"wp-image-1615\" srcset=\"https:\/\/www.echlorial.fr\/blog\/wp-content\/uploads\/2016\/08\/Yoga.jpg 395w, https:\/\/www.echlorial.fr\/blog\/wp-content\/uploads\/2016\/08\/Yoga-300x190.jpg 300w\" sizes=\"(max-width: 395px) 100vw, 395px\" \/><figcaption>La Verri\u00e8re: mindfulness , retraites, programmes d\u00e9tox&#8230; [Photo credit: La Verri\u00e8re]<\/figcaption><\/figure><\/div>\n\n\n\n<h2>Quels sont les sympt\u00f4mes r\u00e9currents&nbsp;des personnes qui viennent \u00e0&nbsp;La Verri\u00e8re?<\/h2>\n\n\n\n<p><span style=\"font-size: 12pt;\">J\u2019accompagne des personnes tr\u00e8s diff\u00e9rentes dont les besoins varient de la pr\u00e9vention sant\u00e9 \u00e0 la recherche de mieux \u00eatre ou encore \u00e0 l\u2019accompagnement dans la maladie telle que le cancer. La pr\u00e9cieuse chlorella est Le compl\u00e9ment alimentaire majeur dans mes recommandations.<\/span><\/p>\n\n\n\n<p><span style=\"font-size: 12pt;\">Je propose maintenant une association des <a title=\"Chlorella : Posologie, Conseils, Contre-Indications\" href=\"https:\/\/www.echlorial.fr\/blog\/conseils-dutilisation-de-la-chlorelle\/\">bienfaits de&nbsp; la chlorella<\/a> et Spiruline pour une compl\u00e9mentation nutritionnelle plus compl\u00e8te, ces deux micro-aliments \u00e9tant tr\u00e8s compl\u00e9mentaires. Pris en association, ils sont parfaits pour une compl\u00e9mentation au quotidien en pr\u00e9vention sant\u00e9 ou pour une recherche de tonus.<\/span><\/p>\n\n\n\n<p><span style=\"font-size: 12pt;\">Nous rejoignons tous des fondamentaux mais chaque personne est unique! C\u2019est ainsi que je vous accompagnerais.<\/span><\/p>\n\n\n\n<h2>Quelle est votre citation pr\u00e9f\u00e9r\u00e9e?<\/h2>\n\n\n\n<figure class=\"wp-block-pullquote\"><blockquote><p><span style=\"font-size: 12pt;\">\u201cI&rsquo;ll meet you right where you are.\u201d<\/span><\/p><\/blockquote><\/figure>\n","protected":false},"excerpt":{"rendered":"<p>Parlez-nous de vous! Que faites vous et quel est votre parcours? J\u2019ai fait toutes mes \u00e9tudes aux Etats-Unis et je suis dipl\u00f4m\u00e9e en science de la nutrition et en m\u00e9decine pr\u00e9ventive.&nbsp;J\u2019ai v\u00e9cu dans de nombreux pays o\u00f9 j\u2019ai exerc\u00e9 mon m\u00e9tier, m\u2019enrichissant au fil des ann\u00e9es et des rencontres d\u2019une tr\u00e8s large exp\u00e9rience en mati\u00e8re [&hellip;]<\/p>\n","protected":false},"author":2,"featured_media":1608,"comment_status":"open","ping_status":"open","sticky":false,"template":"","format":"standard","meta":[],"categories":[169],"tags":[],"acf":[],"yoast_head":"<!-- This site is optimized with the Yoast SEO plugin v19.7.1 - https:\/\/yoast.com\/wordpress\/plugins\/seo\/ -->\n<title>Rencontre avec Lieke Kay, nutritionniste \u00e0 Cannes<\/title>\n<meta name=\"description\" content=\"J\u2019ai fait toutes mes \u00e9tudes aux Etats-Unis et je suis dipl\u00f4m\u00e9e en science de la nutrition et en m\u00e9decine pr\u00e9ventive.\u00a0J\u2019ai v\u00e9cu dans de nombreux pays o\u00f9 j\u2019ai exerc\u00e9 mon m\u00e9tier\" \/>\n<meta name=\"robots\" content=\"index, follow, max-snippet:-1, max-image-preview:large, max-video-preview:-1\" \/>\n<link rel=\"canonical\" href=\"https:\/\/www.echlorial.fr\/blog\/lieke-kay-nutritionniste\/\" \/>\n<meta property=\"og:locale\" content=\"fr_FR\" \/>\n<meta property=\"og:type\" content=\"article\" \/>\n<meta property=\"og:title\" content=\"Rencontre avec Lieke Kay, nutritionniste \u00e0 Cannes\" \/>\n<meta property=\"og:description\" content=\"J\u2019ai fait toutes mes \u00e9tudes aux Etats-Unis et je suis dipl\u00f4m\u00e9e en science de la nutrition et en m\u00e9decine pr\u00e9ventive.\u00a0J\u2019ai v\u00e9cu dans de nombreux pays o\u00f9 j\u2019ai exerc\u00e9 mon m\u00e9tier\" \/>\n<meta property=\"og:url\" content=\"https:\/\/www.echlorial.fr\/blog\/lieke-kay-nutritionniste\/\" \/>\n<meta property=\"og:site_name\" content=\"eChlorial\" \/>\n<meta property=\"article:published_time\" content=\"2016-08-24T10:22:21+00:00\" \/>\n<meta property=\"article:modified_time\" content=\"2022-02-21T11:34:06+00:00\" \/>\n<meta property=\"og:image\" content=\"https:\/\/www.echlorial.fr\/blog\/wp-content\/uploads\/2016\/08\/LiekeKay.png\" \/>\n\t<meta property=\"og:image:width\" content=\"254\" \/>\n\t<meta property=\"og:image:height\" content=\"254\" \/>\n\t<meta property=\"og:image:type\" content=\"image\/png\" \/>\n<meta name=\"author\" content=\"Muriel Cathaud, Docteur es Sciences\" \/>\n<meta name=\"twitter:label1\" content=\"\u00c9crit par\" \/>\n\t<meta name=\"twitter:data1\" content=\"Muriel Cathaud, Docteur es Sciences\" \/>\n\t<meta name=\"twitter:label2\" content=\"Dur\u00e9e de lecture estim\u00e9e\" \/>\n\t<meta name=\"twitter:data2\" content=\"4 minutes\" \/>\n<script type=\"application\/ld+json\" class=\"yoast-schema-graph\">{\"@context\":\"https:\/\/schema.org\",\"@graph\":[{\"@type\":\"WebPage\",\"@id\":\"https:\/\/www.echlorial.fr\/blog\/lieke-kay-nutritionniste\/\",\"url\":\"https:\/\/www.echlorial.fr\/blog\/lieke-kay-nutritionniste\/\",\"name\":\"Rencontre avec Lieke Kay, nutritionniste \u00e0 Cannes\",\"isPartOf\":{\"@id\":\"https:\/\/www.echlorial.fr\/blog\/#website\"},\"datePublished\":\"2016-08-24T10:22:21+00:00\",\"dateModified\":\"2022-02-21T11:34:06+00:00\",\"author\":{\"@id\":\"https:\/\/www.echlorial.fr\/blog\/#\/schema\/person\/e45d017630e2d6e097a1c8df479598f6\"},\"description\":\"J\u2019ai fait toutes mes \u00e9tudes aux Etats-Unis et je suis dipl\u00f4m\u00e9e en science de la nutrition et en m\u00e9decine pr\u00e9ventive.\u00a0J\u2019ai v\u00e9cu dans de nombreux pays o\u00f9 j\u2019ai exerc\u00e9 mon m\u00e9tier\",\"breadcrumb\":{\"@id\":\"https:\/\/www.echlorial.fr\/blog\/lieke-kay-nutritionniste\/#breadcrumb\"},\"inLanguage\":\"fr-FR\",\"potentialAction\":[{\"@type\":\"ReadAction\",\"target\":[\"https:\/\/www.echlorial.fr\/blog\/lieke-kay-nutritionniste\/\"]}]},{\"@type\":\"BreadcrumbList\",\"@id\":\"https:\/\/www.echlorial.fr\/blog\/lieke-kay-nutritionniste\/#breadcrumb\",\"itemListElement\":[{\"@type\":\"ListItem\",\"position\":1,\"name\":\"Accueil\",\"item\":\"https:\/\/www.echlorial.fr\/\"},{\"@type\":\"ListItem\",\"position\":2,\"name\":\"Interviews\",\"item\":\"https:\/\/www.echlorial.fr\/blog\/category\/interviews\/\"},{\"@type\":\"ListItem\",\"position\":3,\"name\":\"Rencontre avec Lieke Kay, nutritionniste et naturopathe \u00e0 Cannes\"}]},{\"@type\":\"WebSite\",\"@id\":\"https:\/\/www.echlorial.fr\/blog\/#website\",\"url\":\"https:\/\/www.echlorial.fr\/blog\/\",\"name\":\"eChlorial\",\"description\":\"Chlorella extra pure cultiv\u00e9e sous tube de verre en Allemagne\",\"potentialAction\":[{\"@type\":\"SearchAction\",\"target\":{\"@type\":\"EntryPoint\",\"urlTemplate\":\"https:\/\/www.echlorial.fr\/blog\/?s={search_term_string}\"},\"query-input\":\"required name=search_term_string\"}],\"inLanguage\":\"fr-FR\"},{\"@type\":\"Person\",\"@id\":\"https:\/\/www.echlorial.fr\/blog\/#\/schema\/person\/e45d017630e2d6e097a1c8df479598f6\",\"name\":\"Muriel Cathaud, Docteur es Sciences\",\"description\":\"Muriel Cathaud, Docteur es Sciences en Physique-Chimie\",\"sameAs\":[\"http:\/\/www.echlorial.fr\"],\"url\":\"https:\/\/www.echlorial.fr\/blog\/author\/directionechlorial-com\/\"}]}<\/script>\n<!-- \/ Yoast SEO plugin. -->","yoast_head_json":{"title":"Rencontre avec Lieke Kay, nutritionniste \u00e0 Cannes","description":"J\u2019ai fait toutes mes \u00e9tudes aux Etats-Unis et je suis dipl\u00f4m\u00e9e en science de la nutrition et en m\u00e9decine pr\u00e9ventive.\u00a0J\u2019ai v\u00e9cu dans de nombreux pays o\u00f9 j\u2019ai exerc\u00e9 mon m\u00e9tier","robots":{"index":"index","follow":"follow","max-snippet":"max-snippet:-1","max-image-preview":"max-image-preview:large","max-video-preview":"max-video-preview:-1"},"canonical":"https:\/\/www.echlorial.fr\/blog\/lieke-kay-nutritionniste\/","og_locale":"fr_FR","og_type":"article","og_title":"Rencontre avec Lieke Kay, nutritionniste \u00e0 Cannes","og_description":"J\u2019ai fait toutes mes \u00e9tudes aux Etats-Unis et je suis dipl\u00f4m\u00e9e en science de la nutrition et en m\u00e9decine pr\u00e9ventive.\u00a0J\u2019ai v\u00e9cu dans de nombreux pays o\u00f9 j\u2019ai exerc\u00e9 mon m\u00e9tier","og_url":"https:\/\/www.echlorial.fr\/blog\/lieke-kay-nutritionniste\/","og_site_name":"eChlorial","article_published_time":"2016-08-24T10:22:21+00:00","article_modified_time":"2022-02-21T11:34:06+00:00","og_image":[{"width":254,"height":254,"url":"https:\/\/www.echlorial.fr\/blog\/wp-content\/uploads\/2016\/08\/LiekeKay.png","type":"image\/png"}],"author":"Muriel Cathaud, Docteur es Sciences","twitter_misc":{"\u00c9crit par":"Muriel Cathaud, Docteur es Sciences","Dur\u00e9e de lecture estim\u00e9e":"4 minutes"},"schema":{"@context":"https:\/\/schema.org","@graph":[{"@type":"WebPage","@id":"https:\/\/www.echlorial.fr\/blog\/lieke-kay-nutritionniste\/","url":"https:\/\/www.echlorial.fr\/blog\/lieke-kay-nutritionniste\/","name":"Rencontre avec Lieke Kay, nutritionniste \u00e0 Cannes","isPartOf":{"@id":"https:\/\/www.echlorial.fr\/blog\/#website"},"datePublished":"2016-08-24T10:22:21+00:00","dateModified":"2022-02-21T11:34:06+00:00","author":{"@id":"https:\/\/www.echlorial.fr\/blog\/#\/schema\/person\/e45d017630e2d6e097a1c8df479598f6"},"description":"J\u2019ai fait toutes mes \u00e9tudes aux Etats-Unis et je suis dipl\u00f4m\u00e9e en science de la nutrition et en m\u00e9decine pr\u00e9ventive.\u00a0J\u2019ai v\u00e9cu dans de nombreux pays o\u00f9 j\u2019ai exerc\u00e9 mon m\u00e9tier","breadcrumb":{"@id":"https:\/\/www.echlorial.fr\/blog\/lieke-kay-nutritionniste\/#breadcrumb"},"inLanguage":"fr-FR","potentialAction":[{"@type":"ReadAction","target":["https:\/\/www.echlorial.fr\/blog\/lieke-kay-nutritionniste\/"]}]},{"@type":"BreadcrumbList","@id":"https:\/\/www.echlorial.fr\/blog\/lieke-kay-nutritionniste\/#breadcrumb","itemListElement":[{"@type":"ListItem","position":1,"name":"Accueil","item":"https:\/\/www.echlorial.fr\/"},{"@type":"ListItem","position":2,"name":"Interviews","item":"https:\/\/www.echlorial.fr\/blog\/category\/interviews\/"},{"@type":"ListItem","position":3,"name":"Rencontre avec Lieke Kay, nutritionniste et naturopathe \u00e0 Cannes"}]},{"@type":"WebSite","@id":"https:\/\/www.echlorial.fr\/blog\/#website","url":"https:\/\/www.echlorial.fr\/blog\/","name":"eChlorial","description":"Chlorella extra pure cultiv\u00e9e sous tube de verre en Allemagne","potentialAction":[{"@type":"SearchAction","target":{"@type":"EntryPoint","urlTemplate":"https:\/\/www.echlorial.fr\/blog\/?s={search_term_string}"},"query-input":"required name=search_term_string"}],"inLanguage":"fr-FR"},{"@type":"Person","@id":"https:\/\/www.echlorial.fr\/blog\/#\/schema\/person\/e45d017630e2d6e097a1c8df479598f6","name":"Muriel Cathaud, Docteur es Sciences","description":"Muriel Cathaud, Docteur es Sciences en Physique-Chimie","sameAs":["http:\/\/www.echlorial.fr"],"url":"https:\/\/www.echlorial.fr\/blog\/author\/directionechlorial-com\/"}]}},"_links":{"self":[{"href":"https:\/\/www.echlorial.fr\/blog\/wp-json\/wp\/v2\/posts\/1606"}],"collection":[{"href":"https:\/\/www.echlorial.fr\/blog\/wp-json\/wp\/v2\/posts"}],"about":[{"href":"https:\/\/www.echlorial.fr\/blog\/wp-json\/wp\/v2\/types\/post"}],"author":[{"embeddable":true,"href":"https:\/\/www.echlorial.fr\/blog\/wp-json\/wp\/v2\/users\/2"}],"replies":[{"embeddable":true,"href":"https:\/\/www.echlorial.fr\/blog\/wp-json\/wp\/v2\/comments?post=1606"}],"version-history":[{"count":23,"href":"https:\/\/www.echlorial.fr\/blog\/wp-json\/wp\/v2\/posts\/1606\/revisions"}],"predecessor-version":[{"id":6009,"href":"https:\/\/www.echlorial.fr\/blog\/wp-json\/wp\/v2\/posts\/1606\/revisions\/6009"}],"wp:featuredmedia":[{"embeddable":true,"href":"https:\/\/www.echlorial.fr\/blog\/wp-json\/wp\/v2\/media\/1608"}],"wp:attachment":[{"href":"https:\/\/www.echlorial.fr\/blog\/wp-json\/wp\/v2\/media?parent=1606"}],"wp:term":[{"taxonomy":"category","embeddable":true,"href":"https:\/\/www.echlorial.fr\/blog\/wp-json\/wp\/v2\/categories?post=1606"},{"taxonomy":"post_tag","embeddable":true,"href":"https:\/\/www.echlorial.fr\/blog\/wp-json\/wp\/v2\/tags?post=1606"}],"curies":[{"name":"wp","href":"https:\/\/api.w.org\/{rel}","templated":true}]}}