{"id":223,"date":"2015-03-18T18:23:38","date_gmt":"2015-03-18T18:23:38","guid":{"rendered":"http:\/\/www.echlorial.fr\/blog\/?p=223"},"modified":"2019-11-06T09:06:17","modified_gmt":"2019-11-06T09:06:17","slug":"regle-mon-grave-probleme-de-peau","status":"publish","type":"post","link":"https:\/\/www.echlorial.fr\/blog\/regle-mon-grave-probleme-de-peau\/","title":{"rendered":"R\u00e9gl\u00e9 mon grave probl\u00e8me de peau"},"content":{"rendered":"<p><span style=\"font-size: 12pt;\"><strong>La Chlorella a r\u00e9gl\u00e9 mon grave probl\u00e8me de peau et a eu un effet b\u00e9n\u00e9fique sur mon arthrose<\/strong><\/span><\/p>\n<p><span style=\"font-size: 12pt;\">Suite \u00e0 un choc psychologique en janvier 2007 j&rsquo;ai \u00e9t\u00e9 assaillie par un <strong>eczema<\/strong> inflamm\u00e9, sur la moiti\u00e9 du corps, un staphylocoque dor\u00e9 en a profit\u00e9 pour s&rsquo;installer !. j&rsquo;\u00e9tais dans un \u00e9tat d&rsquo;\u00e9puisement tr\u00e8s important. Comble de bonheur, j&rsquo;ai attrap\u00e9 une bronchite asthmatiforme.<\/span><\/p>\n<p><span style=\"font-size: 12pt;\">La fatigue physique entra\u00eenait une perte de moral j&rsquo;\u00e9tais au bord de la d\u00e9prime. C&rsquo;est alors qu&rsquo;en f\u00e9vrier 2007, voyant l&rsquo;\u00e9tat dans lequel j&rsquo;\u00e9tais, une amie m&rsquo;a conseill\u00e9 de prendre de la Chlorella, elle m&rsquo;en a donn\u00e9 une boite apr\u00e8s m&rsquo;avoir convaincue du r\u00f4le qu&rsquo;apportait ce produit sur le plan immunitaire. Apr\u00e8s 2 mois de prises r\u00e9guli\u00e8res de Chlorella mes membres ont retrouv\u00e9 une apparence normale.<\/span><\/p>\n<p><span style=\"font-size: 12pt;\">Et bien voici 1 an 1\/2 que j&rsquo;en prends et je n&rsquo;ai eu aucune atteinte depuis. Je prends 10 comprim\u00e9s par jour le matin avec du th\u00e9.<\/span><\/p>\n<p><span style=\"font-size: 12pt;\">L&rsquo;\u00e9t\u00e9 j&rsquo;arr\u00eate sauf si je sens une attaque de virus : nez qui commence \u00e0 couler, mal de gorge et dans ces cas l\u00e0 je prends 25 comprim\u00e9s et le lendemain plus rien ! Et toutes les fois \u00e7a marche! j&rsquo;en suis bleuff\u00e9e.<\/span><\/p>\n<p><span style=\"font-size: 12pt;\">Quelque soit la quantit\u00e9 que je prenne, je ne ressens aucune g\u00eane sur le plan digestif, intestinal.<\/span><\/p>\n<p><span style=\"font-size: 12pt;\">Pour moi la Chlorella \u00e0 un c\u00f4t\u00e9 magique en effet les ann\u00e9es ant\u00e9rieures j&rsquo;attrapais en moyenne 3 \u00e0 5 bronchites doubl\u00e9e d&rsquo;un asthme handicapant ! C&rsquo;est du pass\u00e9.<\/span><\/p>\n<p><span style=\"font-size: 12pt;\"><strong>J&rsquo;ai la quasi certitude que je suis \u00ab prot\u00e9g\u00e9e\u00bb.<\/strong> Mon conjoint est malade : grippe, bronchite ? moi jamais depuis 1 an \u00bd.\u00a0 je n&rsquo;ai laiss\u00e9 de place aux microbes. Ce n&rsquo;est pas pour autant que mon ami s&rsquo;est laiss\u00e9 convaincre d&rsquo;en prendre&#8230; Tans pis pour lui !<\/span><\/p>\n<p><span style=\"font-size: 12pt;\">Je ne sais pas dire si la <em>Chlorelle<\/em> a eu un effet b\u00e9n\u00e9fique sur mon sommeil. Je dors peu de 3 \u00e0 4 heures par nuit, peut \u00eatre que j&rsquo;ai des nuits plus sereines, et l&rsquo;\u00e9nergie malgr\u00e9 mes 64 ans est toujours l\u00e0.<\/span><\/p>\n<p><span style=\"font-size: 12pt;\">Un autre point ou je pense que <strong>la clorella a un effet b\u00e9n\u00e9fique<\/strong>, c&rsquo;est l&rsquo;<strong>arthrose<\/strong>. Je suis amatrice de randonn\u00e9es longues dur\u00e9es. J&rsquo;ai \u00e9t\u00e9 op\u00e9r\u00e9e de la cheville et du genou suite \u00e0 des entorses \u00e0 r\u00e9p\u00e9tition non soign\u00e9es. Cette ann\u00e9e encore j&rsquo;ai fait 280 kms en 12 jours avec un sac a dos de 12 kg environ. C&rsquo;est la premi\u00e8re ann\u00e9e que <strong>j&rsquo;ai aussi peu de douleurs<\/strong> alors que je n&rsquo;ai plus de cartilage aux deux chevilles<\/span><\/p>\n<p><span style=\"font-size: 12pt;\">Avec tout \u00e7a je suis devenue une prescriptrice convaincue de CHLORELLA, tant les effets sont b\u00e9n\u00e9fiques. Et ceux \u00e0 qui j&rsquo;ai conseill\u00e9 d&rsquo;essayer, sont devenus \u00e0 leur tour, des adeptes et prescripteurs convaincus.<\/span><\/p>\n<p><span style=\"font-size: 14pt;\"><a class=\"btn btn-default\">Nicole<\/a><\/span><\/p>\n","protected":false},"excerpt":{"rendered":"<p>La Chlorella a r\u00e9gl\u00e9 mon grave probl\u00e8me de peau et a eu un effet b\u00e9n\u00e9fique sur mon arthrose Suite \u00e0 un choc psychologique en janvier 2007 j&rsquo;ai \u00e9t\u00e9 assaillie par un eczema inflamm\u00e9, sur la moiti\u00e9 du corps, un staphylocoque dor\u00e9 en a profit\u00e9 pour s&rsquo;installer !. j&rsquo;\u00e9tais dans un \u00e9tat d&rsquo;\u00e9puisement tr\u00e8s important. Comble [&hellip;]<\/p>\n","protected":false},"author":1,"featured_media":59,"comment_status":"open","ping_status":"open","sticky":false,"template":"","format":"standard","meta":[],"categories":[28,32,34,33,35,4],"tags":[],"acf":[],"yoast_head":"<!-- This site is optimized with the Yoast SEO plugin v19.7.1 - https:\/\/yoast.com\/wordpress\/plugins\/seo\/ -->\n<title>R\u00e9gl\u00e9 mon grave probl\u00e8me de peau<\/title>\n<meta name=\"robots\" content=\"index, follow, max-snippet:-1, max-image-preview:large, max-video-preview:-1\" \/>\n<link rel=\"canonical\" href=\"https:\/\/www.echlorial.fr\/blog\/regle-mon-grave-probleme-de-peau\/\" \/>\n<meta property=\"og:locale\" content=\"fr_FR\" \/>\n<meta property=\"og:type\" content=\"article\" \/>\n<meta property=\"og:title\" content=\"R\u00e9gl\u00e9 mon grave probl\u00e8me de peau\" \/>\n<meta property=\"og:description\" content=\"La Chlorella a r\u00e9gl\u00e9 mon grave probl\u00e8me de peau et a eu un effet b\u00e9n\u00e9fique sur mon arthrose Suite \u00e0 un choc psychologique en janvier 2007 j&rsquo;ai \u00e9t\u00e9 assaillie par un eczema inflamm\u00e9, sur la moiti\u00e9 du corps, un staphylocoque dor\u00e9 en a profit\u00e9 pour s&rsquo;installer !. j&rsquo;\u00e9tais dans un \u00e9tat d&rsquo;\u00e9puisement tr\u00e8s important. Comble [&hellip;]\" \/>\n<meta property=\"og:url\" content=\"https:\/\/www.echlorial.fr\/blog\/regle-mon-grave-probleme-de-peau\/\" \/>\n<meta property=\"og:site_name\" content=\"eChlorial\" \/>\n<meta property=\"article:published_time\" content=\"2015-03-18T18:23:38+00:00\" \/>\n<meta property=\"article:modified_time\" content=\"2019-11-06T09:06:17+00:00\" \/>\n<meta property=\"og:image\" content=\"https:\/\/www.echlorial.fr\/blog\/wp-content\/uploads\/2015\/03\/Avatar-Femme.jpg\" \/>\n\t<meta property=\"og:image:width\" content=\"1900\" \/>\n\t<meta property=\"og:image:height\" content=\"254\" \/>\n\t<meta property=\"og:image:type\" content=\"image\/jpeg\" \/>\n<meta name=\"author\" content=\"admin_echlorial\" \/>\n<meta name=\"twitter:label1\" content=\"\u00c9crit par\" \/>\n\t<meta name=\"twitter:data1\" content=\"admin_echlorial\" \/>\n\t<meta name=\"twitter:label2\" content=\"Dur\u00e9e de lecture estim\u00e9e\" \/>\n\t<meta name=\"twitter:data2\" content=\"2 minutes\" \/>\n<script type=\"application\/ld+json\" class=\"yoast-schema-graph\">{\"@context\":\"https:\/\/schema.org\",\"@graph\":[{\"@type\":\"WebPage\",\"@id\":\"https:\/\/www.echlorial.fr\/blog\/regle-mon-grave-probleme-de-peau\/\",\"url\":\"https:\/\/www.echlorial.fr\/blog\/regle-mon-grave-probleme-de-peau\/\",\"name\":\"R\u00e9gl\u00e9 mon grave probl\u00e8me de peau\",\"isPartOf\":{\"@id\":\"https:\/\/www.echlorial.com\/blog\/#website\"},\"datePublished\":\"2015-03-18T18:23:38+00:00\",\"dateModified\":\"2019-11-06T09:06:17+00:00\",\"author\":{\"@id\":\"https:\/\/www.echlorial.com\/blog\/#\/schema\/person\/0e76c63d04141dd4ae797ce19887e7a6\"},\"breadcrumb\":{\"@id\":\"https:\/\/www.echlorial.fr\/blog\/regle-mon-grave-probleme-de-peau\/#breadcrumb\"},\"inLanguage\":\"fr-FR\",\"potentialAction\":[{\"@type\":\"ReadAction\",\"target\":[\"https:\/\/www.echlorial.fr\/blog\/regle-mon-grave-probleme-de-peau\/\"]}]},{\"@type\":\"BreadcrumbList\",\"@id\":\"https:\/\/www.echlorial.fr\/blog\/regle-mon-grave-probleme-de-peau\/#breadcrumb\",\"itemListElement\":[{\"@type\":\"ListItem\",\"position\":1,\"name\":\"Accueil\",\"item\":\"https:\/\/www.echlorial.fr\/\"},{\"@type\":\"ListItem\",\"position\":2,\"name\":\"T\u00e9moignages\",\"item\":\"https:\/\/www.echlorial.com\/blog\/category\/chlorella-testimonials\/\"},{\"@type\":\"ListItem\",\"position\":3,\"name\":\"Articulations\",\"item\":\"https:\/\/www.echlorial.fr\/blog\/category\/temoignages-fr\/douleurs-et-arthrose\/\"},{\"@type\":\"ListItem\",\"position\":4,\"name\":\"R\u00e9gl\u00e9 mon grave probl\u00e8me de peau\"}]},{\"@type\":\"WebSite\",\"@id\":\"https:\/\/www.echlorial.com\/blog\/#website\",\"url\":\"https:\/\/www.echlorial.com\/blog\/\",\"name\":\"eChlorial\",\"description\":\"Chlorella extra pure cultiv\u00e9e sous tube de verre en Allemagne\",\"potentialAction\":[{\"@type\":\"SearchAction\",\"target\":{\"@type\":\"EntryPoint\",\"urlTemplate\":\"https:\/\/www.echlorial.com\/blog\/?s={search_term_string}\"},\"query-input\":\"required name=search_term_string\"}],\"inLanguage\":\"fr-FR\"},{\"@type\":\"Person\",\"@id\":\"https:\/\/www.echlorial.com\/blog\/#\/schema\/person\/0e76c63d04141dd4ae797ce19887e7a6\",\"name\":\"admin_echlorial\",\"sameAs\":[\"http:\/\/www.echlorial.fr\"],\"url\":\"https:\/\/www.echlorial.fr\/blog\/author\/admin_echlorial\/\"}]}<\/script>\n<!-- \/ Yoast SEO plugin. -->","yoast_head_json":{"title":"R\u00e9gl\u00e9 mon grave probl\u00e8me de peau","robots":{"index":"index","follow":"follow","max-snippet":"max-snippet:-1","max-image-preview":"max-image-preview:large","max-video-preview":"max-video-preview:-1"},"canonical":"https:\/\/www.echlorial.fr\/blog\/regle-mon-grave-probleme-de-peau\/","og_locale":"fr_FR","og_type":"article","og_title":"R\u00e9gl\u00e9 mon grave probl\u00e8me de peau","og_description":"La Chlorella a r\u00e9gl\u00e9 mon grave probl\u00e8me de peau et a eu un effet b\u00e9n\u00e9fique sur mon arthrose Suite \u00e0 un choc psychologique en janvier 2007 j&rsquo;ai \u00e9t\u00e9 assaillie par un eczema inflamm\u00e9, sur la moiti\u00e9 du corps, un staphylocoque dor\u00e9 en a profit\u00e9 pour s&rsquo;installer !. j&rsquo;\u00e9tais dans un \u00e9tat d&rsquo;\u00e9puisement tr\u00e8s important. Comble [&hellip;]","og_url":"https:\/\/www.echlorial.fr\/blog\/regle-mon-grave-probleme-de-peau\/","og_site_name":"eChlorial","article_published_time":"2015-03-18T18:23:38+00:00","article_modified_time":"2019-11-06T09:06:17+00:00","og_image":[{"width":1900,"height":254,"url":"https:\/\/www.echlorial.fr\/blog\/wp-content\/uploads\/2015\/03\/Avatar-Femme.jpg","type":"image\/jpeg"}],"author":"admin_echlorial","twitter_misc":{"\u00c9crit par":"admin_echlorial","Dur\u00e9e de lecture estim\u00e9e":"2 minutes"},"schema":{"@context":"https:\/\/schema.org","@graph":[{"@type":"WebPage","@id":"https:\/\/www.echlorial.fr\/blog\/regle-mon-grave-probleme-de-peau\/","url":"https:\/\/www.echlorial.fr\/blog\/regle-mon-grave-probleme-de-peau\/","name":"R\u00e9gl\u00e9 mon grave probl\u00e8me de peau","isPartOf":{"@id":"https:\/\/www.echlorial.com\/blog\/#website"},"datePublished":"2015-03-18T18:23:38+00:00","dateModified":"2019-11-06T09:06:17+00:00","author":{"@id":"https:\/\/www.echlorial.com\/blog\/#\/schema\/person\/0e76c63d04141dd4ae797ce19887e7a6"},"breadcrumb":{"@id":"https:\/\/www.echlorial.fr\/blog\/regle-mon-grave-probleme-de-peau\/#breadcrumb"},"inLanguage":"fr-FR","potentialAction":[{"@type":"ReadAction","target":["https:\/\/www.echlorial.fr\/blog\/regle-mon-grave-probleme-de-peau\/"]}]},{"@type":"BreadcrumbList","@id":"https:\/\/www.echlorial.fr\/blog\/regle-mon-grave-probleme-de-peau\/#breadcrumb","itemListElement":[{"@type":"ListItem","position":1,"name":"Accueil","item":"https:\/\/www.echlorial.fr\/"},{"@type":"ListItem","position":2,"name":"T\u00e9moignages","item":"https:\/\/www.echlorial.com\/blog\/category\/chlorella-testimonials\/"},{"@type":"ListItem","position":3,"name":"Articulations","item":"https:\/\/www.echlorial.fr\/blog\/category\/temoignages-fr\/douleurs-et-arthrose\/"},{"@type":"ListItem","position":4,"name":"R\u00e9gl\u00e9 mon grave probl\u00e8me de peau"}]},{"@type":"WebSite","@id":"https:\/\/www.echlorial.com\/blog\/#website","url":"https:\/\/www.echlorial.com\/blog\/","name":"eChlorial","description":"Chlorella extra pure cultiv\u00e9e sous tube de verre en Allemagne","potentialAction":[{"@type":"SearchAction","target":{"@type":"EntryPoint","urlTemplate":"https:\/\/www.echlorial.com\/blog\/?s={search_term_string}"},"query-input":"required name=search_term_string"}],"inLanguage":"fr-FR"},{"@type":"Person","@id":"https:\/\/www.echlorial.com\/blog\/#\/schema\/person\/0e76c63d04141dd4ae797ce19887e7a6","name":"admin_echlorial","sameAs":["http:\/\/www.echlorial.fr"],"url":"https:\/\/www.echlorial.fr\/blog\/author\/admin_echlorial\/"}]}},"_links":{"self":[{"href":"https:\/\/www.echlorial.fr\/blog\/wp-json\/wp\/v2\/posts\/223"}],"collection":[{"href":"https:\/\/www.echlorial.fr\/blog\/wp-json\/wp\/v2\/posts"}],"about":[{"href":"https:\/\/www.echlorial.fr\/blog\/wp-json\/wp\/v2\/types\/post"}],"author":[{"embeddable":true,"href":"https:\/\/www.echlorial.fr\/blog\/wp-json\/wp\/v2\/users\/1"}],"replies":[{"embeddable":true,"href":"https:\/\/www.echlorial.fr\/blog\/wp-json\/wp\/v2\/comments?post=223"}],"version-history":[{"count":5,"href":"https:\/\/www.echlorial.fr\/blog\/wp-json\/wp\/v2\/posts\/223\/revisions"}],"predecessor-version":[{"id":3732,"href":"https:\/\/www.echlorial.fr\/blog\/wp-json\/wp\/v2\/posts\/223\/revisions\/3732"}],"wp:featuredmedia":[{"embeddable":true,"href":"https:\/\/www.echlorial.fr\/blog\/wp-json\/wp\/v2\/media\/59"}],"wp:attachment":[{"href":"https:\/\/www.echlorial.fr\/blog\/wp-json\/wp\/v2\/media?parent=223"}],"wp:term":[{"taxonomy":"category","embeddable":true,"href":"https:\/\/www.echlorial.fr\/blog\/wp-json\/wp\/v2\/categories?post=223"},{"taxonomy":"post_tag","embeddable":true,"href":"https:\/\/www.echlorial.fr\/blog\/wp-json\/wp\/v2\/tags?post=223"}],"curies":[{"name":"wp","href":"https:\/\/api.w.org\/{rel}","templated":true}]}}