{"id":2596,"date":"2018-04-05T13:56:05","date_gmt":"2018-04-05T13:56:05","guid":{"rendered":"https:\/\/www.echlorial.fr\/blog\/?p=2596"},"modified":"2022-03-02T09:16:02","modified_gmt":"2022-03-02T09:16:02","slug":"albertat-lyme","status":"publish","type":"post","link":"https:\/\/www.echlorial.fr\/blog\/albertat-lyme\/","title":{"rendered":"Interview avec Judith Albertat, fondatrice du fond de dotation I For Lyme"},"content":{"rendered":"\n<p><span style=\"font-size: 12pt;\">Entretien avec Judith Albertat, Naturopathe, ex-pilote de ligne, fondatrice du fond de dotation \u00ab I For Lyme \u00bb et\u00a0co-fondatrice de l\u2019association \u00ab Lyme sans fronti\u00e8re \u00bb.<\/span> <span style=\"font-size: 12pt;\">Judith a \u00e9galement \u00e9crit\u00a0deux livres sur la maladie de Lyme.<\/span><\/p>\n\n\n\n<h2>Quel est votre parcours : comment et pourquoi \u00eates-vous devenue naturopathe ?<\/h2>\n\n\n\n<p><span style=\"font-size: 12pt;\">Je crois que mon parcours est celui de tout chercheur passionn\u00e9 par une d\u00e9couverte, et la compr\u00e9hension de la probl\u00e9matique associ\u00e9e. Comme le disait Marie CURIE : <em>\u00ab\u00a0sans la curiosit\u00e9 de l\u2019esprit, que serions-nous<\/em> ?\u00a0\u00bb Telle est bien la beaut\u00e9 et la noblesse de la science : d\u00e9sir sans fin de repousser les fronti\u00e8res du savoir, de traquer les secrets de la mati\u00e8re et de la vie sans id\u00e9e pr\u00e9con\u00e7ue des cons\u00e9quences \u00e9ventuelles.<\/span><br><span style=\"font-size: 12pt;\">Affect\u00e9e par d\u2019innombrables sympt\u00f4mes il y a de cela plus de 10 ans maintenant, et apr\u00e8s avoir rencontr\u00e9 un m\u00e9decin urgentiste qui m\u2019a ouvert les portes des th\u00e9rapies alternatives, j\u2019ai d\u00e9cid\u00e9 de faire une formation de naturopathe. Je l\u2019ai combin\u00e9e \u00e0 une recherche incessante sur la maladie de Lyme, et bien au-del\u00e0, sur l\u2019\u00e9tat de notre corps vivant dans un monde d\u00e9sormais tr\u00e8s toxique.<\/span><\/p>\n\n\n\n<h2>Pourquoi la maladie de Lyme est-elle devenue votre combat ?<\/h2>\n\n\n\n<p><span style=\"font-size: 12pt;\">Je ne parlerais peut-\u00eatre pas de combat ! Mais plut\u00f4t d\u2019engagement, qui ne concerne pas Lyme sp\u00e9cifiquement mais bien plut\u00f4t ce que j\u2019ai d\u00e9couvert au fil du temps. C\u2019est bel et bien notre environnement et nos comportements actuels qui posent probl\u00e8mes dans l\u2019accroissement des maladies chroniques \u2013 dont Lyme peut faire partie, mais attention : tout n\u2019est pas Lyme !<\/span><\/p>\n\n\n\n<h2>Comment diagnostique-t-on la maladie de Lyme de fa\u00e7on incontestable ?<\/h2>\n\n\n\n<p><span style=\"font-size: 12pt;\">On ne peut pas diagnostiquer cette maladie de fa\u00e7on incontestable actuellement. Il existe de nombreux tests : les observations au microscope \u00e0 fond clair ou \u00e0 fond noir, les divers tests biologiques pour humains ou chez le v\u00e9t\u00e9rinaire, les tests par bior\u00e9sonnance etc. Aucun test ne prouve que ce soit bien la borr\u00e9lie, si on l\u2019identifie, qui soit \u00e0 l\u2019origine des sympt\u00f4mes rapport\u00e9s par le malade, sauf en cas de primo-infection, au stade 1 de la maladie. Il y a de nombreux autres facteurs qui peuvent provoquer les sympt\u00f4mes d\u00e9crits par le malade. Si la symptomatologie est \u00e9vocatrice d\u2019une maladie de Lyme, alors le m\u00e9decin doit proposer un traitement appropri\u00e9 qui servira en m\u00eame temps de diagnostic diff\u00e9rentiel.<\/span><\/p>\n\n\n\n<h2>En cas de maladie de Lyme confirm\u00e9e quel est le chemin de la gu\u00e9rison vers lequel il faut s\u2019engager selon la date d\u2019infestation ?<\/h2>\n\n\n\n<p><span style=\"font-size: 12pt;\">De mon exp\u00e9rience &#8211; mais aussi en collaborant d\u00e9sormais avec des m\u00e9decins et th\u00e9rapeutes allemands et en voyant leurs pratiques qui utilisent les m\u00eames chemins que ceux que j\u2019ai d\u00e9couverts,&nbsp;il ne sert \u00e0 rien de lutter contre le microbe durant des ann\u00e9es. Le combat est perdu d\u2019avance car le microbe n\u2019est rien, c\u2019est le \u00ab terrain \u00bb du patient qui pose un probl\u00e8me. C\u2019est sur ce \u00ab terrain \u00bb carenc\u00e9 en nutriments vitaux d\u2019une part, et g\u00e9n\u00e9ralement tr\u00e8s intoxiqu\u00e9 d\u2019autre part, que les microbes peuvent s\u2019exprimer. La strat\u00e9gie consistera donc \u00e0 diminuer la charge infectieuse globale, mais aussi et surtout \u00e0 diminuer la charge toxique globale et, ce faisant, \u00e0 r\u00e9parer l\u2019intestin et nourrir les cellules de notre corps.<\/span><\/p>\n\n\n\n<h2>Quel est le but de votre Fonds de dotation \u00ab I For Lyme \u00bb ?<\/h2>\n\n\n\n<p><span style=\"font-size: 12pt;\">Nous avons pour objectif de d\u00e9velopper la recherche sur la maladie de Lyme en prenant en compte notre actuel environnement. La borr\u00e9lie existe depuis des millions d\u2019ann\u00e9es, on a surv\u00e9cu globalement \u00e0 cette bact\u00e9rie ! Les malades, \u00e0 mon sens, sont les victimes d\u2019un environnement qui a chang\u00e9 drastiquement depuis 70 ans : on a pens\u00e9 que la chimie sauverait l\u2019humanit\u00e9 mais d\u2019innombrables experts commencent \u00e0 s\u2019apercevoir que ce n\u2019est pas le cas, bien au contraire.<\/span><\/p>\n\n\n\n<h2>Quels messages souhaitez-vous transmettre \u00e0 nos lecteurs qui souhaitent \u00eatre des acteurs de leur qualit\u00e9 de vie ?<\/h2>\n\n\n\n<div class=\"wp-block-image\"><figure class=\"alignright\"><a href=\"http:\/\/www.thierrysouccar.com\/sante\/livre\/lyme-les-solutions-naturelles-3400\"><img loading=\"lazy\" width=\"250\" height=\"366\" src=\"https:\/\/www.echlorial.fr\/blog\/wp-content\/uploads\/2018\/04\/LymeSolutionNaturelle2.jpg\" alt=\"Lyme les solutions naturelles\" class=\"wp-image-2605\" srcset=\"https:\/\/www.echlorial.fr\/blog\/wp-content\/uploads\/2018\/04\/LymeSolutionNaturelle2.jpg 250w, https:\/\/www.echlorial.fr\/blog\/wp-content\/uploads\/2018\/04\/LymeSolutionNaturelle2-205x300.jpg 205w\" sizes=\"(max-width: 250px) 100vw, 250px\" \/><\/a><figcaption>Lyme les solutions naturelles par Judith Albertat<\/figcaption><\/figure><\/div>\n\n\n\n<p><span style=\"font-size: 12pt;\">Je souhaiterais dire en tout premier lieu que leur sant\u00e9 et leur corps n\u2019appartiennent pas aux m\u00e9decins, mais \u00e0 eux-m\u00eames ! Ils sont auteurs de leur vie, dans tous les domaines, et \u00e0 ce titre doivent en \u00eatre les acteurs. Il nous faut vraiment envisager une r\u00e9forme de notre mode de vie. La toute premi\u00e8re chose \u00e0 faire consiste \u00e0 modifier notre alimentation : il faut cuisiner \u00ab maison \u00bb, avec des aliments&nbsp;frais cultiv\u00e9s localement dans le respect de l\u2019environnement, chasser les additifs alimentaires, les aliments qui contiennent des toxiques (nanoparticules, m\u00e9taux et \u00e9l\u00e9ments toxiques divers, perturbateurs endocriniens, ..), les aliments \u00e0 index glyc\u00e9mique \u00e9lev\u00e9.<\/span><\/p>\n\n\n\n<p><span style=\"font-size: 12pt;\">Il faut aussi parfois avoir recours \u00e0 des compl\u00e9ments alimentaires de haute qualit\u00e9, non toxiques, pour nourrir les cellules du corps. Pour ce faire, il faut toujours enqu\u00eater aupr\u00e8s du distributeur afin de conna\u00eetre les origines et modes de production des compl\u00e9ments ! C\u2019est gr\u00e2ce au Dr Joachim MUTTER, sp\u00e9cialiste en m\u00e9decine environnementale en Allemagne, que j\u2019ai d\u00e9couvert la <a href=\"https:\/\/www.echlorial.fr\/fr\/14-chlorella-bio\">chlorella extra-pure<\/a> que vous proposez (chlorella eChlorial<sup>\u00ae<\/sup>). Il faudrait que tous les compl\u00e9ments alimentaires garantissent les m\u00eames exigences de qualit\u00e9 ! Je suis en perp\u00e9tuel questionnement aupr\u00e8s des laboratoires pour v\u00e9rifier ce point, heureusement il existe des soci\u00e9t\u00e9s s\u00e9rieuses qui ont les m\u00eames exigences que vous et moi ! Car on fait bien plus de mal qu\u2019on ne l\u2019imagine avec des produits dont la tra\u00e7abilit\u00e9 n\u2019est pas garantie et qui s\u2019av\u00e9reraient toxiques.<\/span><\/p>\n\n\n\n<p><span style=\"font-size: 12pt;\">Il faut \u00e9galement prendre en compte le fait que, bien souvent, c\u2019est dans notre bouche que commencent les probl\u00e8mes, \u00e0 cause des amalgames au mercure, des proth\u00e8ses diverses en <a href=\"https:\/\/www.echlorial.fr\/blog\/metaux-lourds-etude-chlorella\/\">m\u00e9taux toxiques<\/a>, et des racines dentaires mal obtur\u00e9es \u2013 ce qui g\u00e9n\u00e8re une prolif\u00e9ration de pathog\u00e8nes dans la m\u00e2choire. Il faut absolument faire un bilan bucco-dentaire avec un sp\u00e9cialiste.<\/span><br><span style=\"font-size: 12pt;\">Enfin, et sans oublier les dangers de notre environnement \u00e9lectromagn\u00e9tique, la probl\u00e9matique des adjuvants et autres nanoparticules toxiques dans les vaccins est \u00e9galement \u00e0 consid\u00e9rer au plus haut niveau.<\/span><\/p>\n\n\n\n<h2>Quel est votre citation favorite ?<\/h2>\n\n\n\n<figure class=\"wp-block-pullquote\"><blockquote><p><span style=\"font-size: 12pt;\">\u00abFaire r\u00eaver les hommes est souvent le moyen le plus s\u00fbr de les tenir endormis &#8211; pr\u00e9cis\u00e9ment parce que le r\u00eave leur donne l&rsquo;illusion d&rsquo;\u00eatre \u00e9veill\u00e9 \u00bb. <\/span><\/p><cite>Gustave THIBON, philosophe, 1903-2001<\/cite><\/blockquote><\/figure>\n\n\n\n<p><span style=\"font-size: 14pt;\"><strong>Message de Judith le 03 Ao\u00fbt 2018<\/strong><\/span><\/p>\n\n\n\n<p><strong><a href=\"https:\/\/www.linkedin.com\/pulse\/press-release-ground-breaking-recognition-lyme-11th-luche-thayer\/\" target=\"_blank\" rel=\"noopener\">Reconnaissance de la borr\u00e9liose de Lyme dans la 11\u00e8me classification internationale des maladies de l&rsquo;OMS.<\/a><\/strong><\/p>\n\n\n\n<p class=\"has-text-align-center\"><a class=\"button primary green\" href=\"https:\/\/iforlyme.org\/\" target=\"_blank\" rel=\"noopener\">I For Lyme \u2192<\/a><\/p>\n","protected":false},"excerpt":{"rendered":"<p>Entretien avec Judith Albertat, Naturopathe, ex-pilote de ligne, fondatrice du fond de dotation \u00ab I For Lyme \u00bb et\u00a0co-fondatrice de l\u2019association \u00ab Lyme sans fronti\u00e8re \u00bb. Judith a \u00e9galement \u00e9crit\u00a0deux livres sur la maladie de Lyme. Quel est votre parcours : comment et pourquoi \u00eates-vous devenue naturopathe ? Je crois que mon parcours est celui [&hellip;]<\/p>\n","protected":false},"author":1,"featured_media":2604,"comment_status":"open","ping_status":"open","sticky":false,"template":"","format":"standard","meta":[],"categories":[169],"tags":[80],"acf":[],"yoast_head":"<!-- This site is optimized with the Yoast SEO plugin v19.7.1 - https:\/\/yoast.com\/wordpress\/plugins\/seo\/ -->\n<title>Interview avec Judith Albertat, fondatrice du fond de dotation I For Lyme<\/title>\n<meta name=\"robots\" content=\"index, follow, max-snippet:-1, max-image-preview:large, max-video-preview:-1\" \/>\n<link rel=\"canonical\" href=\"https:\/\/www.echlorial.fr\/blog\/albertat-lyme\/\" \/>\n<meta property=\"og:locale\" content=\"fr_FR\" \/>\n<meta property=\"og:type\" content=\"article\" \/>\n<meta property=\"og:title\" content=\"Interview avec Judith Albertat, fondatrice du fond de dotation I For Lyme\" \/>\n<meta property=\"og:description\" content=\"Entretien avec Judith Albertat, Naturopathe, ex-pilote de ligne, fondatrice du fond de dotation \u00ab I For Lyme \u00bb et\u00a0co-fondatrice de l\u2019association \u00ab Lyme sans fronti\u00e8re \u00bb. Judith a \u00e9galement \u00e9crit\u00a0deux livres sur la maladie de Lyme. Quel est votre parcours : comment et pourquoi \u00eates-vous devenue naturopathe ? Je crois que mon parcours est celui [&hellip;]\" \/>\n<meta property=\"og:url\" content=\"https:\/\/www.echlorial.fr\/blog\/albertat-lyme\/\" \/>\n<meta property=\"og:site_name\" content=\"eChlorial\" \/>\n<meta property=\"article:published_time\" content=\"2018-04-05T13:56:05+00:00\" \/>\n<meta property=\"article:modified_time\" content=\"2022-03-02T09:16:02+00:00\" \/>\n<meta property=\"og:image\" content=\"https:\/\/www.echlorial.fr\/blog\/wp-content\/uploads\/2018\/04\/JudithAlbertat.png\" \/>\n\t<meta property=\"og:image:width\" content=\"250\" \/>\n\t<meta property=\"og:image:height\" content=\"250\" \/>\n\t<meta property=\"og:image:type\" content=\"image\/png\" \/>\n<meta name=\"author\" content=\"admin_echlorial\" \/>\n<meta name=\"twitter:label1\" content=\"\u00c9crit par\" \/>\n\t<meta name=\"twitter:data1\" content=\"admin_echlorial\" \/>\n\t<meta name=\"twitter:label2\" content=\"Dur\u00e9e de lecture estim\u00e9e\" \/>\n\t<meta name=\"twitter:data2\" content=\"6 minutes\" \/>\n<script type=\"application\/ld+json\" class=\"yoast-schema-graph\">{\"@context\":\"https:\/\/schema.org\",\"@graph\":[{\"@type\":\"WebPage\",\"@id\":\"https:\/\/www.echlorial.fr\/blog\/albertat-lyme\/\",\"url\":\"https:\/\/www.echlorial.fr\/blog\/albertat-lyme\/\",\"name\":\"Interview avec Judith Albertat, fondatrice du fond de dotation I For Lyme\",\"isPartOf\":{\"@id\":\"https:\/\/www.echlorial.fr\/blog\/#website\"},\"datePublished\":\"2018-04-05T13:56:05+00:00\",\"dateModified\":\"2022-03-02T09:16:02+00:00\",\"author\":{\"@id\":\"https:\/\/www.echlorial.fr\/blog\/#\/schema\/person\/0e76c63d04141dd4ae797ce19887e7a6\"},\"breadcrumb\":{\"@id\":\"https:\/\/www.echlorial.fr\/blog\/albertat-lyme\/#breadcrumb\"},\"inLanguage\":\"fr-FR\",\"potentialAction\":[{\"@type\":\"ReadAction\",\"target\":[\"https:\/\/www.echlorial.fr\/blog\/albertat-lyme\/\"]}]},{\"@type\":\"BreadcrumbList\",\"@id\":\"https:\/\/www.echlorial.fr\/blog\/albertat-lyme\/#breadcrumb\",\"itemListElement\":[{\"@type\":\"ListItem\",\"position\":1,\"name\":\"Accueil\",\"item\":\"https:\/\/www.echlorial.fr\/\"},{\"@type\":\"ListItem\",\"position\":2,\"name\":\"Interviews\",\"item\":\"https:\/\/www.echlorial.fr\/blog\/category\/interviews\/\"},{\"@type\":\"ListItem\",\"position\":3,\"name\":\"Interview avec Judith Albertat, fondatrice du fond de dotation I For Lyme\"}]},{\"@type\":\"WebSite\",\"@id\":\"https:\/\/www.echlorial.fr\/blog\/#website\",\"url\":\"https:\/\/www.echlorial.fr\/blog\/\",\"name\":\"eChlorial\",\"description\":\"Chlorella extra pure cultiv\u00e9e sous tube de verre en Allemagne\",\"potentialAction\":[{\"@type\":\"SearchAction\",\"target\":{\"@type\":\"EntryPoint\",\"urlTemplate\":\"https:\/\/www.echlorial.fr\/blog\/?s={search_term_string}\"},\"query-input\":\"required name=search_term_string\"}],\"inLanguage\":\"fr-FR\"},{\"@type\":\"Person\",\"@id\":\"https:\/\/www.echlorial.fr\/blog\/#\/schema\/person\/0e76c63d04141dd4ae797ce19887e7a6\",\"name\":\"admin_echlorial\",\"sameAs\":[\"http:\/\/www.echlorial.fr\"],\"url\":\"https:\/\/www.echlorial.fr\/blog\/author\/admin_echlorial\/\"}]}<\/script>\n<!-- \/ Yoast SEO plugin. -->","yoast_head_json":{"title":"Interview avec Judith Albertat, fondatrice du fond de dotation I For Lyme","robots":{"index":"index","follow":"follow","max-snippet":"max-snippet:-1","max-image-preview":"max-image-preview:large","max-video-preview":"max-video-preview:-1"},"canonical":"https:\/\/www.echlorial.fr\/blog\/albertat-lyme\/","og_locale":"fr_FR","og_type":"article","og_title":"Interview avec Judith Albertat, fondatrice du fond de dotation I For Lyme","og_description":"Entretien avec Judith Albertat, Naturopathe, ex-pilote de ligne, fondatrice du fond de dotation \u00ab I For Lyme \u00bb et\u00a0co-fondatrice de l\u2019association \u00ab Lyme sans fronti\u00e8re \u00bb. Judith a \u00e9galement \u00e9crit\u00a0deux livres sur la maladie de Lyme. Quel est votre parcours : comment et pourquoi \u00eates-vous devenue naturopathe ? Je crois que mon parcours est celui [&hellip;]","og_url":"https:\/\/www.echlorial.fr\/blog\/albertat-lyme\/","og_site_name":"eChlorial","article_published_time":"2018-04-05T13:56:05+00:00","article_modified_time":"2022-03-02T09:16:02+00:00","og_image":[{"width":250,"height":250,"url":"https:\/\/www.echlorial.fr\/blog\/wp-content\/uploads\/2018\/04\/JudithAlbertat.png","type":"image\/png"}],"author":"admin_echlorial","twitter_misc":{"\u00c9crit par":"admin_echlorial","Dur\u00e9e de lecture estim\u00e9e":"6 minutes"},"schema":{"@context":"https:\/\/schema.org","@graph":[{"@type":"WebPage","@id":"https:\/\/www.echlorial.fr\/blog\/albertat-lyme\/","url":"https:\/\/www.echlorial.fr\/blog\/albertat-lyme\/","name":"Interview avec Judith Albertat, fondatrice du fond de dotation I For Lyme","isPartOf":{"@id":"https:\/\/www.echlorial.fr\/blog\/#website"},"datePublished":"2018-04-05T13:56:05+00:00","dateModified":"2022-03-02T09:16:02+00:00","author":{"@id":"https:\/\/www.echlorial.fr\/blog\/#\/schema\/person\/0e76c63d04141dd4ae797ce19887e7a6"},"breadcrumb":{"@id":"https:\/\/www.echlorial.fr\/blog\/albertat-lyme\/#breadcrumb"},"inLanguage":"fr-FR","potentialAction":[{"@type":"ReadAction","target":["https:\/\/www.echlorial.fr\/blog\/albertat-lyme\/"]}]},{"@type":"BreadcrumbList","@id":"https:\/\/www.echlorial.fr\/blog\/albertat-lyme\/#breadcrumb","itemListElement":[{"@type":"ListItem","position":1,"name":"Accueil","item":"https:\/\/www.echlorial.fr\/"},{"@type":"ListItem","position":2,"name":"Interviews","item":"https:\/\/www.echlorial.fr\/blog\/category\/interviews\/"},{"@type":"ListItem","position":3,"name":"Interview avec Judith Albertat, fondatrice du fond de dotation I For Lyme"}]},{"@type":"WebSite","@id":"https:\/\/www.echlorial.fr\/blog\/#website","url":"https:\/\/www.echlorial.fr\/blog\/","name":"eChlorial","description":"Chlorella extra pure cultiv\u00e9e sous tube de verre en Allemagne","potentialAction":[{"@type":"SearchAction","target":{"@type":"EntryPoint","urlTemplate":"https:\/\/www.echlorial.fr\/blog\/?s={search_term_string}"},"query-input":"required name=search_term_string"}],"inLanguage":"fr-FR"},{"@type":"Person","@id":"https:\/\/www.echlorial.fr\/blog\/#\/schema\/person\/0e76c63d04141dd4ae797ce19887e7a6","name":"admin_echlorial","sameAs":["http:\/\/www.echlorial.fr"],"url":"https:\/\/www.echlorial.fr\/blog\/author\/admin_echlorial\/"}]}},"_links":{"self":[{"href":"https:\/\/www.echlorial.fr\/blog\/wp-json\/wp\/v2\/posts\/2596"}],"collection":[{"href":"https:\/\/www.echlorial.fr\/blog\/wp-json\/wp\/v2\/posts"}],"about":[{"href":"https:\/\/www.echlorial.fr\/blog\/wp-json\/wp\/v2\/types\/post"}],"author":[{"embeddable":true,"href":"https:\/\/www.echlorial.fr\/blog\/wp-json\/wp\/v2\/users\/1"}],"replies":[{"embeddable":true,"href":"https:\/\/www.echlorial.fr\/blog\/wp-json\/wp\/v2\/comments?post=2596"}],"version-history":[{"count":19,"href":"https:\/\/www.echlorial.fr\/blog\/wp-json\/wp\/v2\/posts\/2596\/revisions"}],"predecessor-version":[{"id":6067,"href":"https:\/\/www.echlorial.fr\/blog\/wp-json\/wp\/v2\/posts\/2596\/revisions\/6067"}],"wp:featuredmedia":[{"embeddable":true,"href":"https:\/\/www.echlorial.fr\/blog\/wp-json\/wp\/v2\/media\/2604"}],"wp:attachment":[{"href":"https:\/\/www.echlorial.fr\/blog\/wp-json\/wp\/v2\/media?parent=2596"}],"wp:term":[{"taxonomy":"category","embeddable":true,"href":"https:\/\/www.echlorial.fr\/blog\/wp-json\/wp\/v2\/categories?post=2596"},{"taxonomy":"post_tag","embeddable":true,"href":"https:\/\/www.echlorial.fr\/blog\/wp-json\/wp\/v2\/tags?post=2596"}],"curies":[{"name":"wp","href":"https:\/\/api.w.org\/{rel}","templated":true}]}}