{"id":2990,"date":"2018-12-21T19:06:30","date_gmt":"2018-12-21T19:06:30","guid":{"rendered":"https:\/\/www.echlorial.fr\/blog\/?p=2990"},"modified":"2019-03-13T15:31:01","modified_gmt":"2019-03-13T15:31:01","slug":"mucites-chimio-bouche","status":"publish","type":"post","link":"https:\/\/www.echlorial.fr\/blog\/mucites-chimio-bouche\/","title":{"rendered":"Mucites dans la bouche provoqu\u00e9es par les chimio !"},"content":{"rendered":"<p><span style=\"font-size: 12pt;\">Durant tout mon traitement de chimioth\u00e9rapie j&rsquo;ai souffert de mucites (aphtes) dans la bouche. Ma bouche \u00e9tait tellement\u00a0douloureuse que je renon\u00e7ais m\u00eame \u00e0 manger.<\/span><\/p>\n<p><span style=\"font-size: 12pt;\">J&rsquo;ai test\u00e9 la chlorella et j&rsquo;ai pu faire la diff\u00e9rence ! le jour et la nuit !<\/span><\/p>\n<p><span style=\"font-size: 12pt;\">Je la recommande vraiment car elle aide beaucoup \u00e0 passer ces \u00e9preuves avec moins de douleurs. J&rsquo;ai pu v\u00e9rifier \u00e9galement un moindre \u00e9tat de fatigue.<\/span><\/p>\n<p><span style=\"font-size: 12pt;\">Je n&rsquo;ai pas os\u00e9 en parler \u00e0 mon m\u00e9decin :( je suis s\u00fbre qu&rsquo;il n&rsquo;aurait pas \u00e9t\u00e9 d&rsquo;accord car en g\u00e9n\u00e9ral les m\u00e9decins ne connaissent pas, et c&rsquo;est bien dommage !<\/span><\/p>\n<p><span style=\"font-size: 14pt;\"><span style=\"color: #239f49;\"><a class=\"btn btn-default\">Marie<\/a><\/span><\/span><\/p>\n<p>&nbsp;<\/p>\n","protected":false},"excerpt":{"rendered":"<p>Durant tout mon traitement de chimioth\u00e9rapie j&rsquo;ai souffert de mucites (aphtes) dans la bouche. Ma bouche \u00e9tait tellement\u00a0douloureuse que je renon\u00e7ais m\u00eame \u00e0 manger. J&rsquo;ai test\u00e9 la chlorella et j&rsquo;ai pu faire la diff\u00e9rence ! le jour et la nuit ! Je la recommande vraiment car elle aide beaucoup \u00e0 passer ces \u00e9preuves avec moins [&hellip;]<\/p>\n","protected":false},"author":2,"featured_media":59,"comment_status":"open","ping_status":"open","sticky":false,"template":"","format":"standard","meta":[],"categories":[15,4],"tags":[],"acf":[],"yoast_head":"<!-- This site is optimized with the Yoast SEO plugin v19.7.1 - https:\/\/yoast.com\/wordpress\/plugins\/seo\/ -->\n<title>Mucites dans la bouche provoqu\u00e9es par les chimio !<\/title>\n<meta name=\"robots\" content=\"index, follow, max-snippet:-1, max-image-preview:large, max-video-preview:-1\" \/>\n<link rel=\"canonical\" href=\"https:\/\/www.echlorial.fr\/blog\/mucites-chimio-bouche\/\" \/>\n<meta property=\"og:locale\" content=\"fr_FR\" \/>\n<meta property=\"og:type\" content=\"article\" \/>\n<meta property=\"og:title\" content=\"Mucites dans la bouche provoqu\u00e9es par les chimio !\" \/>\n<meta property=\"og:description\" content=\"Durant tout mon traitement de chimioth\u00e9rapie j&rsquo;ai souffert de mucites (aphtes) dans la bouche. Ma bouche \u00e9tait tellement\u00a0douloureuse que je renon\u00e7ais m\u00eame \u00e0 manger. J&rsquo;ai test\u00e9 la chlorella et j&rsquo;ai pu faire la diff\u00e9rence ! le jour et la nuit ! Je la recommande vraiment car elle aide beaucoup \u00e0 passer ces \u00e9preuves avec moins [&hellip;]\" \/>\n<meta property=\"og:url\" content=\"https:\/\/www.echlorial.fr\/blog\/mucites-chimio-bouche\/\" \/>\n<meta property=\"og:site_name\" content=\"eChlorial\" \/>\n<meta property=\"article:published_time\" content=\"2018-12-21T19:06:30+00:00\" \/>\n<meta property=\"article:modified_time\" content=\"2019-03-13T15:31:01+00:00\" \/>\n<meta property=\"og:image\" content=\"https:\/\/www.echlorial.fr\/blog\/wp-content\/uploads\/2015\/03\/Avatar-Femme.jpg\" \/>\n\t<meta property=\"og:image:width\" content=\"1900\" \/>\n\t<meta property=\"og:image:height\" content=\"254\" \/>\n\t<meta property=\"og:image:type\" content=\"image\/jpeg\" \/>\n<meta name=\"author\" content=\"Muriel Cathaud, Docteur es Sciences\" \/>\n<meta name=\"twitter:label1\" content=\"\u00c9crit par\" \/>\n\t<meta name=\"twitter:data1\" content=\"Muriel Cathaud, Docteur es Sciences\" \/>\n\t<meta name=\"twitter:label2\" content=\"Dur\u00e9e de lecture estim\u00e9e\" \/>\n\t<meta name=\"twitter:data2\" content=\"1 minute\" \/>\n<script type=\"application\/ld+json\" class=\"yoast-schema-graph\">{\"@context\":\"https:\/\/schema.org\",\"@graph\":[{\"@type\":\"WebPage\",\"@id\":\"https:\/\/www.echlorial.fr\/blog\/mucites-chimio-bouche\/\",\"url\":\"https:\/\/www.echlorial.fr\/blog\/mucites-chimio-bouche\/\",\"name\":\"Mucites dans la bouche provoqu\u00e9es par les chimio !\",\"isPartOf\":{\"@id\":\"https:\/\/www.echlorial.fr\/blog\/#website\"},\"datePublished\":\"2018-12-21T19:06:30+00:00\",\"dateModified\":\"2019-03-13T15:31:01+00:00\",\"author\":{\"@id\":\"https:\/\/www.echlorial.fr\/blog\/#\/schema\/person\/e45d017630e2d6e097a1c8df479598f6\"},\"breadcrumb\":{\"@id\":\"https:\/\/www.echlorial.fr\/blog\/mucites-chimio-bouche\/#breadcrumb\"},\"inLanguage\":\"fr-FR\",\"potentialAction\":[{\"@type\":\"ReadAction\",\"target\":[\"https:\/\/www.echlorial.fr\/blog\/mucites-chimio-bouche\/\"]}]},{\"@type\":\"BreadcrumbList\",\"@id\":\"https:\/\/www.echlorial.fr\/blog\/mucites-chimio-bouche\/#breadcrumb\",\"itemListElement\":[{\"@type\":\"ListItem\",\"position\":1,\"name\":\"Accueil\",\"item\":\"https:\/\/www.echlorial.fr\/\"},{\"@type\":\"ListItem\",\"position\":2,\"name\":\"T\u00e9moignages\",\"item\":\"https:\/\/www.echlorial.fr\/blog\/category\/temoignages-fr\/\"},{\"@type\":\"ListItem\",\"position\":3,\"name\":\"Muqueuses\",\"item\":\"https:\/\/www.echlorial.fr\/blog\/category\/temoignages-fr\/herpes-et-aphtes\/\"},{\"@type\":\"ListItem\",\"position\":4,\"name\":\"Mucites dans la bouche provoqu\u00e9es par les chimio !\"}]},{\"@type\":\"WebSite\",\"@id\":\"https:\/\/www.echlorial.fr\/blog\/#website\",\"url\":\"https:\/\/www.echlorial.fr\/blog\/\",\"name\":\"eChlorial\",\"description\":\"Chlorella extra pure cultiv\u00e9e sous tube de verre en Allemagne\",\"potentialAction\":[{\"@type\":\"SearchAction\",\"target\":{\"@type\":\"EntryPoint\",\"urlTemplate\":\"https:\/\/www.echlorial.fr\/blog\/?s={search_term_string}\"},\"query-input\":\"required name=search_term_string\"}],\"inLanguage\":\"fr-FR\"},{\"@type\":\"Person\",\"@id\":\"https:\/\/www.echlorial.fr\/blog\/#\/schema\/person\/e45d017630e2d6e097a1c8df479598f6\",\"name\":\"Muriel Cathaud, Docteur es Sciences\",\"description\":\"Muriel Cathaud, Docteur es Sciences en Physique-Chimie\",\"sameAs\":[\"http:\/\/www.echlorial.fr\"],\"url\":\"https:\/\/www.echlorial.fr\/blog\/author\/directionechlorial-com\/\"}]}<\/script>\n<!-- \/ Yoast SEO plugin. -->","yoast_head_json":{"title":"Mucites dans la bouche provoqu\u00e9es par les chimio !","robots":{"index":"index","follow":"follow","max-snippet":"max-snippet:-1","max-image-preview":"max-image-preview:large","max-video-preview":"max-video-preview:-1"},"canonical":"https:\/\/www.echlorial.fr\/blog\/mucites-chimio-bouche\/","og_locale":"fr_FR","og_type":"article","og_title":"Mucites dans la bouche provoqu\u00e9es par les chimio !","og_description":"Durant tout mon traitement de chimioth\u00e9rapie j&rsquo;ai souffert de mucites (aphtes) dans la bouche. Ma bouche \u00e9tait tellement\u00a0douloureuse que je renon\u00e7ais m\u00eame \u00e0 manger. J&rsquo;ai test\u00e9 la chlorella et j&rsquo;ai pu faire la diff\u00e9rence ! le jour et la nuit ! Je la recommande vraiment car elle aide beaucoup \u00e0 passer ces \u00e9preuves avec moins [&hellip;]","og_url":"https:\/\/www.echlorial.fr\/blog\/mucites-chimio-bouche\/","og_site_name":"eChlorial","article_published_time":"2018-12-21T19:06:30+00:00","article_modified_time":"2019-03-13T15:31:01+00:00","og_image":[{"width":1900,"height":254,"url":"https:\/\/www.echlorial.fr\/blog\/wp-content\/uploads\/2015\/03\/Avatar-Femme.jpg","type":"image\/jpeg"}],"author":"Muriel Cathaud, Docteur es Sciences","twitter_misc":{"\u00c9crit par":"Muriel Cathaud, Docteur es Sciences","Dur\u00e9e de lecture estim\u00e9e":"1 minute"},"schema":{"@context":"https:\/\/schema.org","@graph":[{"@type":"WebPage","@id":"https:\/\/www.echlorial.fr\/blog\/mucites-chimio-bouche\/","url":"https:\/\/www.echlorial.fr\/blog\/mucites-chimio-bouche\/","name":"Mucites dans la bouche provoqu\u00e9es par les chimio !","isPartOf":{"@id":"https:\/\/www.echlorial.fr\/blog\/#website"},"datePublished":"2018-12-21T19:06:30+00:00","dateModified":"2019-03-13T15:31:01+00:00","author":{"@id":"https:\/\/www.echlorial.fr\/blog\/#\/schema\/person\/e45d017630e2d6e097a1c8df479598f6"},"breadcrumb":{"@id":"https:\/\/www.echlorial.fr\/blog\/mucites-chimio-bouche\/#breadcrumb"},"inLanguage":"fr-FR","potentialAction":[{"@type":"ReadAction","target":["https:\/\/www.echlorial.fr\/blog\/mucites-chimio-bouche\/"]}]},{"@type":"BreadcrumbList","@id":"https:\/\/www.echlorial.fr\/blog\/mucites-chimio-bouche\/#breadcrumb","itemListElement":[{"@type":"ListItem","position":1,"name":"Accueil","item":"https:\/\/www.echlorial.fr\/"},{"@type":"ListItem","position":2,"name":"T\u00e9moignages","item":"https:\/\/www.echlorial.fr\/blog\/category\/temoignages-fr\/"},{"@type":"ListItem","position":3,"name":"Muqueuses","item":"https:\/\/www.echlorial.fr\/blog\/category\/temoignages-fr\/herpes-et-aphtes\/"},{"@type":"ListItem","position":4,"name":"Mucites dans la bouche provoqu\u00e9es par les chimio !"}]},{"@type":"WebSite","@id":"https:\/\/www.echlorial.fr\/blog\/#website","url":"https:\/\/www.echlorial.fr\/blog\/","name":"eChlorial","description":"Chlorella extra pure cultiv\u00e9e sous tube de verre en Allemagne","potentialAction":[{"@type":"SearchAction","target":{"@type":"EntryPoint","urlTemplate":"https:\/\/www.echlorial.fr\/blog\/?s={search_term_string}"},"query-input":"required name=search_term_string"}],"inLanguage":"fr-FR"},{"@type":"Person","@id":"https:\/\/www.echlorial.fr\/blog\/#\/schema\/person\/e45d017630e2d6e097a1c8df479598f6","name":"Muriel Cathaud, Docteur es Sciences","description":"Muriel Cathaud, Docteur es Sciences en Physique-Chimie","sameAs":["http:\/\/www.echlorial.fr"],"url":"https:\/\/www.echlorial.fr\/blog\/author\/directionechlorial-com\/"}]}},"_links":{"self":[{"href":"https:\/\/www.echlorial.fr\/blog\/wp-json\/wp\/v2\/posts\/2990"}],"collection":[{"href":"https:\/\/www.echlorial.fr\/blog\/wp-json\/wp\/v2\/posts"}],"about":[{"href":"https:\/\/www.echlorial.fr\/blog\/wp-json\/wp\/v2\/types\/post"}],"author":[{"embeddable":true,"href":"https:\/\/www.echlorial.fr\/blog\/wp-json\/wp\/v2\/users\/2"}],"replies":[{"embeddable":true,"href":"https:\/\/www.echlorial.fr\/blog\/wp-json\/wp\/v2\/comments?post=2990"}],"version-history":[{"count":9,"href":"https:\/\/www.echlorial.fr\/blog\/wp-json\/wp\/v2\/posts\/2990\/revisions"}],"predecessor-version":[{"id":3137,"href":"https:\/\/www.echlorial.fr\/blog\/wp-json\/wp\/v2\/posts\/2990\/revisions\/3137"}],"wp:featuredmedia":[{"embeddable":true,"href":"https:\/\/www.echlorial.fr\/blog\/wp-json\/wp\/v2\/media\/59"}],"wp:attachment":[{"href":"https:\/\/www.echlorial.fr\/blog\/wp-json\/wp\/v2\/media?parent=2990"}],"wp:term":[{"taxonomy":"category","embeddable":true,"href":"https:\/\/www.echlorial.fr\/blog\/wp-json\/wp\/v2\/categories?post=2990"},{"taxonomy":"post_tag","embeddable":true,"href":"https:\/\/www.echlorial.fr\/blog\/wp-json\/wp\/v2\/tags?post=2990"}],"curies":[{"name":"wp","href":"https:\/\/api.w.org\/{rel}","templated":true}]}}