{"id":3478,"date":"2019-08-14T09:28:55","date_gmt":"2019-08-14T09:28:55","guid":{"rendered":"https:\/\/www.echlorial.fr\/blog\/?p=3478"},"modified":"2020-04-16T09:16:34","modified_gmt":"2020-04-16T09:16:34","slug":"cancer-chien-rate","status":"publish","type":"post","link":"https:\/\/www.echlorial.fr\/blog\/cancer-chien-rate\/","title":{"rendered":"Ines, Bouvier Bernois"},"content":{"rendered":"<p><span style=\"font-size: 12pt;\">Il y&rsquo;a un mois jour pour jour que j&rsquo;apprenais que ma chienne Bouvier Bernois, Ines, avait une tumeur sur la rate&#8230;\u00a0L&rsquo;intervention s&rsquo;est tr\u00e8s bien d\u00e9roul\u00e9e.\u00a0Prise de la chlorella\u00a0\u00e0 la suite de son op\u00e9ration r\u00e9sultat sensationnelle&#8230;\u00a0Du tonus de l&rsquo;app\u00e9tit que du bonheur de voir sa chienne revivre !!!<\/span><\/p>\n<p><span style=\"font-size: 12pt;\">Notre chienne, un\u00a0Bouvier Bernois de 30 kg de 6 ans a \u00e9t\u00e9 op\u00e9r\u00e9e d\u2019une tumeur de la rate il y a tout juste un mois. Les r\u00e9sultats de la biopsie ont finalement montr\u00e9 que la tumeur \u00e9tait maligne.\u00a0<\/span><span style=\"font-size: 12pt;\">Nous avons commenc\u00e9 la chlorella d\u00e8s son retour \u00e0 la maison (2,5g puis 5g par jour puis 7 g environ durant dix jours). Aujourd\u2019hui nous continuons avec 2,5 g par jour.<\/span><\/p>\n<p><span style=\"font-size: 12pt;\">En moins de deux semaines elle a repris 2 kg alors qu\u2019elle avait beaucoup maigrie. Elle bouge et s\u2019amuse \u00e0 nouveau comme avant. On a retrouv\u00e9 notre chienne comme elle \u00e9tait. Nous ne voulons pas lui faire subir les traitements anticanc\u00e9reux propos\u00e9s par le v\u00e9to car nous savons que ce sera tr\u00e8s \u00e9prouvant pour elle. Ils ne pourront que l\u2019\u00e9prouver douloureusement sans que soit garantie sa gu\u00e9rison totale. Nous pr\u00e9f\u00e9rons que la suite de sa vie, m\u00eame si elle doit \u00eatre raccourcie, soit la plus douce possible. Nous sommes convaincus que la chlorella va continuer \u00e0 l\u2019aider comme elle l\u2019a d\u00e9j\u00e0 fait.<\/span><\/p>\n<p><span style=\"font-size: 12pt;\">Nous sommes vraiment tr\u00e8s heureux d\u2019avoir d\u00e9couvert la chlorella que nous ne connaissions pas. On lui doit beaucoup ! \u2026 on a m\u00eame commenc\u00e9 \u00e0 en consommer nous m\u00eame.<\/span><br \/>\n<span style=\"font-size: 12pt;\">Pourquoi les v\u00e9t\u00e9rinaires n\u2019en parlent pas ! Pourquoi n\u2019est-elle pas plus connue ? c\u2019est une chance incroyable que nous soyons tomb\u00e9s sur le site d\u2019Echlorial dans nos recherches. Les t\u00e9moignages sur les r\u00e9sultats obtenus sur des chiens avec un cancer de la rate nous ont interpell\u00e9s. Ils nous ont beaucoup aid\u00e9s et surtout ils nous ont redonn\u00e9 de l\u2019espoir. C\u2019est pour \u00e7a que j\u2019\u00e9cris aujourd\u2019hui.<\/span><\/p>\n<p><span style=\"font-size: 12pt;\">Si certaines personnes souhaite avoir mon t\u00e9moignage je reste \u00e0 votre disposition.<\/span><\/p>\n<p><span style=\"font-size: 14pt;\"><a class=\"btn btn-default\">Laura<\/a><\/span><\/p>\n<p>*****<\/p>\n<p><span style=\"font-size: 12pt;\">Mise \u00e0 jour : 15\/04\/2020<\/span><\/p>\n<p><span style=\"font-size: 12pt;\">Bonjour,<\/span><br \/>\n<span style=\"font-size: 12pt;\">Je tenais \u00e0 vous donner des nouvelles d&rsquo;Ines qui va tr\u00e8s bien il ya bient\u00f4t 1 ans intervention tumeur a la rate. Avec la chlorella r\u00e9sultat resplendissant son poils est magnifique.<\/span><\/p>\n<p><span style=\"font-size: 12pt;\">Une forme incroyable pleine de tonus pleine d&rsquo;app\u00e9tit.<\/span><br \/>\n<span style=\"font-size: 12pt;\">Sans la chlorella ma choupette aurait pas pu s&rsquo;en sortir c&rsquo;est un produit magique, super !!!<\/span><br \/>\n<span style=\"font-size: 12pt;\">Si vous avez des questions n&rsquo;h\u00e9siter pas \u00e0 m&rsquo;appeler pour mon t\u00e9moignage.<\/span><\/p>\n<p><span style=\"font-size: 14pt;\"><a class=\"btn btn-default\">Laura<\/a><\/span><\/p>\n<p>&nbsp;<\/p>\n<div class=\"button primary green\">\n<p><a href=\"\/blog\/category\/temoignages\/animaux\/\">\u27a4 Lire tous les t\u00e9moignages<\/a><\/p>\n<\/div>\n","protected":false},"excerpt":{"rendered":"<p>Il y&rsquo;a un mois jour pour jour que j&rsquo;apprenais que ma chienne Bouvier Bernois, Ines, avait une tumeur sur la rate&#8230;\u00a0L&rsquo;intervention s&rsquo;est tr\u00e8s bien d\u00e9roul\u00e9e.\u00a0Prise de la chlorella\u00a0\u00e0 la suite de son op\u00e9ration r\u00e9sultat sensationnelle&#8230;\u00a0Du tonus de l&rsquo;app\u00e9tit que du bonheur de voir sa chienne revivre !!! Notre chienne, un\u00a0Bouvier Bernois de 30 kg de [&hellip;]<\/p>\n","protected":false},"author":1,"featured_media":34,"comment_status":"open","ping_status":"open","sticky":false,"template":"","format":"standard","meta":[],"categories":[21,183,4],"tags":[],"acf":[],"yoast_head":"<!-- This site is optimized with the Yoast SEO plugin v19.7.1 - https:\/\/yoast.com\/wordpress\/plugins\/seo\/ -->\n<title>Ines, Bouvier Bernois<\/title>\n<meta name=\"description\" content=\"Il y&#039;a un mois j&#039;apprenais que ma chienne avait une tumeur sur la rate...\u00a0L&#039;intervention s&#039;est tr\u00e8s bien d\u00e9roul\u00e9e.\u00a0Prise de la chlorella\u00a0\u00e0\u00a0la suite de son..\" \/>\n<meta name=\"robots\" content=\"index, follow, max-snippet:-1, max-image-preview:large, max-video-preview:-1\" \/>\n<link rel=\"canonical\" href=\"https:\/\/www.echlorial.fr\/blog\/cancer-chien-rate\/\" \/>\n<meta property=\"og:locale\" content=\"fr_FR\" \/>\n<meta property=\"og:type\" content=\"article\" \/>\n<meta property=\"og:title\" content=\"Ines, Bouvier Bernois\" \/>\n<meta property=\"og:description\" content=\"Il y&#039;a un mois j&#039;apprenais que ma chienne avait une tumeur sur la rate...\u00a0L&#039;intervention s&#039;est tr\u00e8s bien d\u00e9roul\u00e9e.\u00a0Prise de la chlorella\u00a0\u00e0\u00a0la suite de son..\" \/>\n<meta property=\"og:url\" content=\"https:\/\/www.echlorial.fr\/blog\/cancer-chien-rate\/\" \/>\n<meta property=\"og:site_name\" content=\"eChlorial\" \/>\n<meta property=\"article:published_time\" content=\"2019-08-14T09:28:55+00:00\" \/>\n<meta property=\"article:modified_time\" content=\"2020-04-16T09:16:34+00:00\" \/>\n<meta property=\"og:image\" content=\"https:\/\/www.echlorial.fr\/blog\/wp-content\/uploads\/2015\/02\/278290052_b5a674e222_o.jpg\" \/>\n\t<meta property=\"og:image:width\" content=\"390\" \/>\n\t<meta property=\"og:image:height\" content=\"218\" \/>\n\t<meta property=\"og:image:type\" content=\"image\/jpeg\" \/>\n<meta name=\"author\" content=\"admin_echlorial\" \/>\n<meta name=\"twitter:label1\" content=\"\u00c9crit par\" \/>\n\t<meta name=\"twitter:data1\" content=\"admin_echlorial\" \/>\n\t<meta name=\"twitter:label2\" content=\"Dur\u00e9e de lecture estim\u00e9e\" \/>\n\t<meta name=\"twitter:data2\" content=\"2 minutes\" \/>\n<script type=\"application\/ld+json\" class=\"yoast-schema-graph\">{\"@context\":\"https:\/\/schema.org\",\"@graph\":[{\"@type\":\"WebPage\",\"@id\":\"https:\/\/www.echlorial.fr\/blog\/cancer-chien-rate\/\",\"url\":\"https:\/\/www.echlorial.fr\/blog\/cancer-chien-rate\/\",\"name\":\"Ines, Bouvier Bernois\",\"isPartOf\":{\"@id\":\"https:\/\/www.echlorial.fr\/blog\/#website\"},\"datePublished\":\"2019-08-14T09:28:55+00:00\",\"dateModified\":\"2020-04-16T09:16:34+00:00\",\"author\":{\"@id\":\"https:\/\/www.echlorial.fr\/blog\/#\/schema\/person\/0e76c63d04141dd4ae797ce19887e7a6\"},\"description\":\"Il y'a un mois j'apprenais que ma chienne avait une tumeur sur la rate...\u00a0L'intervention s'est tr\u00e8s bien d\u00e9roul\u00e9e.\u00a0Prise de la chlorella\u00a0\u00e0\u00a0la suite de son..\",\"breadcrumb\":{\"@id\":\"https:\/\/www.echlorial.fr\/blog\/cancer-chien-rate\/#breadcrumb\"},\"inLanguage\":\"fr-FR\",\"potentialAction\":[{\"@type\":\"ReadAction\",\"target\":[\"https:\/\/www.echlorial.fr\/blog\/cancer-chien-rate\/\"]}]},{\"@type\":\"BreadcrumbList\",\"@id\":\"https:\/\/www.echlorial.fr\/blog\/cancer-chien-rate\/#breadcrumb\",\"itemListElement\":[{\"@type\":\"ListItem\",\"position\":1,\"name\":\"Accueil\",\"item\":\"https:\/\/www.echlorial.fr\/\"},{\"@type\":\"ListItem\",\"position\":2,\"name\":\"T\u00e9moignages\",\"item\":\"https:\/\/www.echlorial.fr\/blog\/category\/temoignages-fr\/\"},{\"@type\":\"ListItem\",\"position\":3,\"name\":\"Animaux\",\"item\":\"https:\/\/www.echlorial.fr\/blog\/category\/temoignages-fr\/animaux\/\"},{\"@type\":\"ListItem\",\"position\":4,\"name\":\"Cancer de la Rate (Chien)\",\"item\":\"https:\/\/www.echlorial.fr\/blog\/category\/temoignages-fr\/animaux\/cancer-rate-chien\/\"},{\"@type\":\"ListItem\",\"position\":5,\"name\":\"Ines, Bouvier Bernois\"}]},{\"@type\":\"WebSite\",\"@id\":\"https:\/\/www.echlorial.fr\/blog\/#website\",\"url\":\"https:\/\/www.echlorial.fr\/blog\/\",\"name\":\"eChlorial\",\"description\":\"Chlorella extra pure cultiv\u00e9e sous tube de verre en Allemagne\",\"potentialAction\":[{\"@type\":\"SearchAction\",\"target\":{\"@type\":\"EntryPoint\",\"urlTemplate\":\"https:\/\/www.echlorial.fr\/blog\/?s={search_term_string}\"},\"query-input\":\"required name=search_term_string\"}],\"inLanguage\":\"fr-FR\"},{\"@type\":\"Person\",\"@id\":\"https:\/\/www.echlorial.fr\/blog\/#\/schema\/person\/0e76c63d04141dd4ae797ce19887e7a6\",\"name\":\"admin_echlorial\",\"sameAs\":[\"http:\/\/www.echlorial.fr\"],\"url\":\"https:\/\/www.echlorial.fr\/blog\/author\/admin_echlorial\/\"}]}<\/script>\n<!-- \/ Yoast SEO plugin. -->","yoast_head_json":{"title":"Ines, Bouvier Bernois","description":"Il y'a un mois j'apprenais que ma chienne avait une tumeur sur la rate...\u00a0L'intervention s'est tr\u00e8s bien d\u00e9roul\u00e9e.\u00a0Prise de la chlorella\u00a0\u00e0\u00a0la suite de son..","robots":{"index":"index","follow":"follow","max-snippet":"max-snippet:-1","max-image-preview":"max-image-preview:large","max-video-preview":"max-video-preview:-1"},"canonical":"https:\/\/www.echlorial.fr\/blog\/cancer-chien-rate\/","og_locale":"fr_FR","og_type":"article","og_title":"Ines, Bouvier Bernois","og_description":"Il y'a un mois j'apprenais que ma chienne avait une tumeur sur la rate...\u00a0L'intervention s'est tr\u00e8s bien d\u00e9roul\u00e9e.\u00a0Prise de la chlorella\u00a0\u00e0\u00a0la suite de son..","og_url":"https:\/\/www.echlorial.fr\/blog\/cancer-chien-rate\/","og_site_name":"eChlorial","article_published_time":"2019-08-14T09:28:55+00:00","article_modified_time":"2020-04-16T09:16:34+00:00","og_image":[{"width":390,"height":218,"url":"https:\/\/www.echlorial.fr\/blog\/wp-content\/uploads\/2015\/02\/278290052_b5a674e222_o.jpg","type":"image\/jpeg"}],"author":"admin_echlorial","twitter_misc":{"\u00c9crit par":"admin_echlorial","Dur\u00e9e de lecture estim\u00e9e":"2 minutes"},"schema":{"@context":"https:\/\/schema.org","@graph":[{"@type":"WebPage","@id":"https:\/\/www.echlorial.fr\/blog\/cancer-chien-rate\/","url":"https:\/\/www.echlorial.fr\/blog\/cancer-chien-rate\/","name":"Ines, Bouvier Bernois","isPartOf":{"@id":"https:\/\/www.echlorial.fr\/blog\/#website"},"datePublished":"2019-08-14T09:28:55+00:00","dateModified":"2020-04-16T09:16:34+00:00","author":{"@id":"https:\/\/www.echlorial.fr\/blog\/#\/schema\/person\/0e76c63d04141dd4ae797ce19887e7a6"},"description":"Il y'a un mois j'apprenais que ma chienne avait une tumeur sur la rate...\u00a0L'intervention s'est tr\u00e8s bien d\u00e9roul\u00e9e.\u00a0Prise de la chlorella\u00a0\u00e0\u00a0la suite de son..","breadcrumb":{"@id":"https:\/\/www.echlorial.fr\/blog\/cancer-chien-rate\/#breadcrumb"},"inLanguage":"fr-FR","potentialAction":[{"@type":"ReadAction","target":["https:\/\/www.echlorial.fr\/blog\/cancer-chien-rate\/"]}]},{"@type":"BreadcrumbList","@id":"https:\/\/www.echlorial.fr\/blog\/cancer-chien-rate\/#breadcrumb","itemListElement":[{"@type":"ListItem","position":1,"name":"Accueil","item":"https:\/\/www.echlorial.fr\/"},{"@type":"ListItem","position":2,"name":"T\u00e9moignages","item":"https:\/\/www.echlorial.fr\/blog\/category\/temoignages-fr\/"},{"@type":"ListItem","position":3,"name":"Animaux","item":"https:\/\/www.echlorial.fr\/blog\/category\/temoignages-fr\/animaux\/"},{"@type":"ListItem","position":4,"name":"Cancer de la Rate (Chien)","item":"https:\/\/www.echlorial.fr\/blog\/category\/temoignages-fr\/animaux\/cancer-rate-chien\/"},{"@type":"ListItem","position":5,"name":"Ines, Bouvier Bernois"}]},{"@type":"WebSite","@id":"https:\/\/www.echlorial.fr\/blog\/#website","url":"https:\/\/www.echlorial.fr\/blog\/","name":"eChlorial","description":"Chlorella extra pure cultiv\u00e9e sous tube de verre en Allemagne","potentialAction":[{"@type":"SearchAction","target":{"@type":"EntryPoint","urlTemplate":"https:\/\/www.echlorial.fr\/blog\/?s={search_term_string}"},"query-input":"required name=search_term_string"}],"inLanguage":"fr-FR"},{"@type":"Person","@id":"https:\/\/www.echlorial.fr\/blog\/#\/schema\/person\/0e76c63d04141dd4ae797ce19887e7a6","name":"admin_echlorial","sameAs":["http:\/\/www.echlorial.fr"],"url":"https:\/\/www.echlorial.fr\/blog\/author\/admin_echlorial\/"}]}},"_links":{"self":[{"href":"https:\/\/www.echlorial.fr\/blog\/wp-json\/wp\/v2\/posts\/3478"}],"collection":[{"href":"https:\/\/www.echlorial.fr\/blog\/wp-json\/wp\/v2\/posts"}],"about":[{"href":"https:\/\/www.echlorial.fr\/blog\/wp-json\/wp\/v2\/types\/post"}],"author":[{"embeddable":true,"href":"https:\/\/www.echlorial.fr\/blog\/wp-json\/wp\/v2\/users\/1"}],"replies":[{"embeddable":true,"href":"https:\/\/www.echlorial.fr\/blog\/wp-json\/wp\/v2\/comments?post=3478"}],"version-history":[{"count":6,"href":"https:\/\/www.echlorial.fr\/blog\/wp-json\/wp\/v2\/posts\/3478\/revisions"}],"predecessor-version":[{"id":4121,"href":"https:\/\/www.echlorial.fr\/blog\/wp-json\/wp\/v2\/posts\/3478\/revisions\/4121"}],"wp:featuredmedia":[{"embeddable":true,"href":"https:\/\/www.echlorial.fr\/blog\/wp-json\/wp\/v2\/media\/34"}],"wp:attachment":[{"href":"https:\/\/www.echlorial.fr\/blog\/wp-json\/wp\/v2\/media?parent=3478"}],"wp:term":[{"taxonomy":"category","embeddable":true,"href":"https:\/\/www.echlorial.fr\/blog\/wp-json\/wp\/v2\/categories?post=3478"},{"taxonomy":"post_tag","embeddable":true,"href":"https:\/\/www.echlorial.fr\/blog\/wp-json\/wp\/v2\/tags?post=3478"}],"curies":[{"name":"wp","href":"https:\/\/api.w.org\/{rel}","templated":true}]}}