{"id":3902,"date":"2020-01-06T13:17:02","date_gmt":"2020-01-06T13:17:02","guid":{"rendered":"https:\/\/www.echlorial.fr\/blog\/?p=3902"},"modified":"2020-01-08T15:34:21","modified_gmt":"2020-01-08T15:34:21","slug":"myofaciite-macrophages","status":"publish","type":"post","link":"https:\/\/www.echlorial.fr\/blog\/myofaciite-macrophages\/","title":{"rendered":"Myofaciite \u00e0 Macrophages"},"content":{"rendered":"<p><span style=\"font-size: 12pt;\">Infirmi\u00e8re depuis 46 ans, je souffre de douleurs musculaires et articulaires, de c\u00e9phal\u00e9es intenses et fr\u00e9quentes, d&rsquo;un syndrome de fatigue chronique, d&rsquo;essoufflement et de gros probl\u00e8me de m\u00e9moire.\u00a0<\/span><span style=\"font-size: 12pt;\">Je suis en errance m\u00e9dicale depuis 1987, malgr\u00e9 de nombreux examens et traitements divers, anti inflammatoires, myorelaxants, triptans, tous peu efficaces et nocifs (ulc\u00e8re de l&rsquo;estomac).<\/span><\/p>\n<p><span style=\"font-size: 12pt;\"> D\u00e9but 2018 les m\u00e9decins me certifiant que tous mes examens \u00e9taient normaux, j&rsquo;ai cherch\u00e9 moi-m\u00eame sur internet et j&rsquo;ai trouv\u00e9 une hypoth\u00e8se!<\/span><br \/>\n<span style=\"font-size: 12pt;\"> J&rsquo;ai ensuite pris contact avec le service des maladies neuro-musculaires rares \u00e0 l&rsquo;h\u00f4pital Henri Mondor \u00e0 Cr\u00e9teil, on m&rsquo;a fait une biopsie musculaire du delto\u00efde et le diagnostic est tomb\u00e9, mes muscles contiennent des nanoparticules d&rsquo;hydroxyde d&rsquo;aluminium (l&rsquo;adjuvant qui se trouve dans les vaccins contre l&rsquo;h\u00e9patite B commercialis\u00e9 depuis 1984). Mes sympt\u00f4mes ont d\u00e9but\u00e9 juste apr\u00e8s mes 4 vaccinations obligatoires pour travailler comme infirmi\u00e8re, faite en 85 et 86. L&rsquo;alu se trouve dans tout mon corps, mes organes et mon cerveau. Cet adjuvant se trouve maintenant dans tous les vaccins obligatoires pour les nourrissons.<\/span><\/p>\n<p><span style=\"font-size: 12pt;\"> Cette maladie ne touche pas toutes les personnes vaccin\u00e9es, car cela est du \u00e0 une pr\u00e9disposition g\u00e9n\u00e9tique (comme beaucoup de maladie auto immune) et nous ne sommes que 1000 en France! Maintenant je sais enfin ce que j&rsquo;ai, mais il n&rsquo;y a pas de gu\u00e9rison possible.<\/span><\/p>\n<p><span style=\"font-size: 12pt;\">Je suis suivie par une naturopathe sp\u00e9cialis\u00e9e dans les d\u00e9tox et elle m&rsquo;avait conseill\u00e9e la Chlorella d&rsquo;Echlorial que je prends depuis d\u00e9but 2018. Cela m&rsquo;a permis d&rsquo;am\u00e9liorer mes ongles qui ressemblaient \u00e0 de la taule ondul\u00e9e et qui se d\u00e9collait de la chair, mes probl\u00e8mes de s\u00e9cheresse cutan\u00e9e et de psoriasis, avec une petite am\u00e9lioration de mes douleurs. Elle me fait prendre aussi du MSM organique (M\u00e9thyl Sulfonyl Methane), du s\u00e9rum de Quinton, du glutathion pour mon foie, de la Vit C \u00e0 haute dose et je bois de l&rsquo;eau riche en silice (Volvic) sur le conseil du Professeur Exley sp\u00e9cialiste mondial de l&rsquo;aluminium. Je suis aussi suivie par le professeur Authier \u00e0 l&rsquo;H\u00f4p Henri Mondor mais nous servons en fait de cobaye car ils n&rsquo;ont pas assez de recul pour cette maladie. J&rsquo;ai fait enlever tous mes plombages par une dentiste hollistique et je cherche des solutions pour me d\u00e9toxifier un maximum !<\/span><\/p>\n<p><span style=\"font-size: 12pt;\"> Si quelqu&rsquo;un a des pistes je suis preneuse :)<\/span><\/p>\n<p><span style=\"font-size: 12pt;\"> Voir site E3M pour + d&rsquo;info sur cette maladie<\/span><\/p>\n<p><span style=\"font-size: 12pt;\"> Bien cordialement,<\/span><\/p>\n<p><span style=\"font-size: 14pt;\"><a class=\"btn btn-default\">Odile<\/a><\/span><\/p>\n","protected":false},"excerpt":{"rendered":"<p>Infirmi\u00e8re depuis 46 ans, je souffre de douleurs musculaires et articulaires, de c\u00e9phal\u00e9es intenses et fr\u00e9quentes, d&rsquo;un syndrome de fatigue chronique, d&rsquo;essoufflement et de gros probl\u00e8me de m\u00e9moire.\u00a0Je suis en errance m\u00e9dicale depuis 1987, malgr\u00e9 de nombreux examens et traitements divers, anti inflammatoires, myorelaxants, triptans, tous peu efficaces et nocifs (ulc\u00e8re de l&rsquo;estomac). D\u00e9but 2018 [&hellip;]<\/p>\n","protected":false},"author":1,"featured_media":59,"comment_status":"open","ping_status":"open","sticky":false,"template":"","format":"standard","meta":[],"categories":[28,41,45,4],"tags":[],"acf":[],"yoast_head":"<!-- This site is optimized with the Yoast SEO plugin v19.7.1 - https:\/\/yoast.com\/wordpress\/plugins\/seo\/ -->\n<title>Myofaciite \u00e0 Macrophages<\/title>\n<meta name=\"description\" content=\"Infirmi\u00e8re depuis 46 ans, je souffre de douleurs musculaires et articulaires, de c\u00e9phal\u00e9es intenses et fr\u00e9quentes, d&#039;un syndrome de fatigue chronique\" \/>\n<meta name=\"robots\" content=\"index, follow, max-snippet:-1, max-image-preview:large, max-video-preview:-1\" \/>\n<link rel=\"canonical\" href=\"https:\/\/www.echlorial.fr\/blog\/myofaciite-macrophages\/\" \/>\n<meta property=\"og:locale\" content=\"fr_FR\" \/>\n<meta property=\"og:type\" content=\"article\" \/>\n<meta property=\"og:title\" content=\"Myofaciite \u00e0 Macrophages\" \/>\n<meta property=\"og:description\" content=\"Infirmi\u00e8re depuis 46 ans, je souffre de douleurs musculaires et articulaires, de c\u00e9phal\u00e9es intenses et fr\u00e9quentes, d&#039;un syndrome de fatigue chronique\" \/>\n<meta property=\"og:url\" content=\"https:\/\/www.echlorial.fr\/blog\/myofaciite-macrophages\/\" \/>\n<meta property=\"og:site_name\" content=\"eChlorial\" \/>\n<meta property=\"article:published_time\" content=\"2020-01-06T13:17:02+00:00\" \/>\n<meta property=\"article:modified_time\" content=\"2020-01-08T15:34:21+00:00\" \/>\n<meta property=\"og:image\" content=\"https:\/\/www.echlorial.fr\/blog\/wp-content\/uploads\/2015\/03\/Avatar-Femme.jpg\" \/>\n\t<meta property=\"og:image:width\" content=\"1900\" \/>\n\t<meta property=\"og:image:height\" content=\"254\" \/>\n\t<meta property=\"og:image:type\" content=\"image\/jpeg\" \/>\n<meta name=\"author\" content=\"admin_echlorial\" \/>\n<meta name=\"twitter:label1\" content=\"\u00c9crit par\" \/>\n\t<meta name=\"twitter:data1\" content=\"admin_echlorial\" \/>\n\t<meta name=\"twitter:label2\" content=\"Dur\u00e9e de lecture estim\u00e9e\" \/>\n\t<meta name=\"twitter:data2\" content=\"2 minutes\" \/>\n<script type=\"application\/ld+json\" class=\"yoast-schema-graph\">{\"@context\":\"https:\/\/schema.org\",\"@graph\":[{\"@type\":\"WebPage\",\"@id\":\"https:\/\/www.echlorial.fr\/blog\/myofaciite-macrophages\/\",\"url\":\"https:\/\/www.echlorial.fr\/blog\/myofaciite-macrophages\/\",\"name\":\"Myofaciite \u00e0 Macrophages\",\"isPartOf\":{\"@id\":\"https:\/\/www.echlorial.fr\/blog\/#website\"},\"datePublished\":\"2020-01-06T13:17:02+00:00\",\"dateModified\":\"2020-01-08T15:34:21+00:00\",\"author\":{\"@id\":\"https:\/\/www.echlorial.fr\/blog\/#\/schema\/person\/0e76c63d04141dd4ae797ce19887e7a6\"},\"description\":\"Infirmi\u00e8re depuis 46 ans, je souffre de douleurs musculaires et articulaires, de c\u00e9phal\u00e9es intenses et fr\u00e9quentes, d'un syndrome de fatigue chronique\",\"breadcrumb\":{\"@id\":\"https:\/\/www.echlorial.fr\/blog\/myofaciite-macrophages\/#breadcrumb\"},\"inLanguage\":\"fr-FR\",\"potentialAction\":[{\"@type\":\"ReadAction\",\"target\":[\"https:\/\/www.echlorial.fr\/blog\/myofaciite-macrophages\/\"]}]},{\"@type\":\"BreadcrumbList\",\"@id\":\"https:\/\/www.echlorial.fr\/blog\/myofaciite-macrophages\/#breadcrumb\",\"itemListElement\":[{\"@type\":\"ListItem\",\"position\":1,\"name\":\"Accueil\",\"item\":\"https:\/\/www.echlorial.fr\/\"},{\"@type\":\"ListItem\",\"position\":2,\"name\":\"T\u00e9moignages\",\"item\":\"https:\/\/www.echlorial.fr\/blog\/category\/temoignages-fr\/\"},{\"@type\":\"ListItem\",\"position\":3,\"name\":\"Articulations\",\"item\":\"https:\/\/www.echlorial.fr\/blog\/category\/temoignages-fr\/douleurs-et-arthrose\/\"},{\"@type\":\"ListItem\",\"position\":4,\"name\":\"Myofaciite \u00e0 Macrophages\"}]},{\"@type\":\"WebSite\",\"@id\":\"https:\/\/www.echlorial.fr\/blog\/#website\",\"url\":\"https:\/\/www.echlorial.fr\/blog\/\",\"name\":\"eChlorial\",\"description\":\"Chlorella extra pure cultiv\u00e9e sous tube de verre en Allemagne\",\"potentialAction\":[{\"@type\":\"SearchAction\",\"target\":{\"@type\":\"EntryPoint\",\"urlTemplate\":\"https:\/\/www.echlorial.fr\/blog\/?s={search_term_string}\"},\"query-input\":\"required name=search_term_string\"}],\"inLanguage\":\"fr-FR\"},{\"@type\":\"Person\",\"@id\":\"https:\/\/www.echlorial.fr\/blog\/#\/schema\/person\/0e76c63d04141dd4ae797ce19887e7a6\",\"name\":\"admin_echlorial\",\"sameAs\":[\"http:\/\/www.echlorial.fr\"],\"url\":\"https:\/\/www.echlorial.fr\/blog\/author\/admin_echlorial\/\"}]}<\/script>\n<!-- \/ Yoast SEO plugin. -->","yoast_head_json":{"title":"Myofaciite \u00e0 Macrophages","description":"Infirmi\u00e8re depuis 46 ans, je souffre de douleurs musculaires et articulaires, de c\u00e9phal\u00e9es intenses et fr\u00e9quentes, d'un syndrome de fatigue chronique","robots":{"index":"index","follow":"follow","max-snippet":"max-snippet:-1","max-image-preview":"max-image-preview:large","max-video-preview":"max-video-preview:-1"},"canonical":"https:\/\/www.echlorial.fr\/blog\/myofaciite-macrophages\/","og_locale":"fr_FR","og_type":"article","og_title":"Myofaciite \u00e0 Macrophages","og_description":"Infirmi\u00e8re depuis 46 ans, je souffre de douleurs musculaires et articulaires, de c\u00e9phal\u00e9es intenses et fr\u00e9quentes, d'un syndrome de fatigue chronique","og_url":"https:\/\/www.echlorial.fr\/blog\/myofaciite-macrophages\/","og_site_name":"eChlorial","article_published_time":"2020-01-06T13:17:02+00:00","article_modified_time":"2020-01-08T15:34:21+00:00","og_image":[{"width":1900,"height":254,"url":"https:\/\/www.echlorial.fr\/blog\/wp-content\/uploads\/2015\/03\/Avatar-Femme.jpg","type":"image\/jpeg"}],"author":"admin_echlorial","twitter_misc":{"\u00c9crit par":"admin_echlorial","Dur\u00e9e de lecture estim\u00e9e":"2 minutes"},"schema":{"@context":"https:\/\/schema.org","@graph":[{"@type":"WebPage","@id":"https:\/\/www.echlorial.fr\/blog\/myofaciite-macrophages\/","url":"https:\/\/www.echlorial.fr\/blog\/myofaciite-macrophages\/","name":"Myofaciite \u00e0 Macrophages","isPartOf":{"@id":"https:\/\/www.echlorial.fr\/blog\/#website"},"datePublished":"2020-01-06T13:17:02+00:00","dateModified":"2020-01-08T15:34:21+00:00","author":{"@id":"https:\/\/www.echlorial.fr\/blog\/#\/schema\/person\/0e76c63d04141dd4ae797ce19887e7a6"},"description":"Infirmi\u00e8re depuis 46 ans, je souffre de douleurs musculaires et articulaires, de c\u00e9phal\u00e9es intenses et fr\u00e9quentes, d'un syndrome de fatigue chronique","breadcrumb":{"@id":"https:\/\/www.echlorial.fr\/blog\/myofaciite-macrophages\/#breadcrumb"},"inLanguage":"fr-FR","potentialAction":[{"@type":"ReadAction","target":["https:\/\/www.echlorial.fr\/blog\/myofaciite-macrophages\/"]}]},{"@type":"BreadcrumbList","@id":"https:\/\/www.echlorial.fr\/blog\/myofaciite-macrophages\/#breadcrumb","itemListElement":[{"@type":"ListItem","position":1,"name":"Accueil","item":"https:\/\/www.echlorial.fr\/"},{"@type":"ListItem","position":2,"name":"T\u00e9moignages","item":"https:\/\/www.echlorial.fr\/blog\/category\/temoignages-fr\/"},{"@type":"ListItem","position":3,"name":"Articulations","item":"https:\/\/www.echlorial.fr\/blog\/category\/temoignages-fr\/douleurs-et-arthrose\/"},{"@type":"ListItem","position":4,"name":"Myofaciite \u00e0 Macrophages"}]},{"@type":"WebSite","@id":"https:\/\/www.echlorial.fr\/blog\/#website","url":"https:\/\/www.echlorial.fr\/blog\/","name":"eChlorial","description":"Chlorella extra pure cultiv\u00e9e sous tube de verre en Allemagne","potentialAction":[{"@type":"SearchAction","target":{"@type":"EntryPoint","urlTemplate":"https:\/\/www.echlorial.fr\/blog\/?s={search_term_string}"},"query-input":"required name=search_term_string"}],"inLanguage":"fr-FR"},{"@type":"Person","@id":"https:\/\/www.echlorial.fr\/blog\/#\/schema\/person\/0e76c63d04141dd4ae797ce19887e7a6","name":"admin_echlorial","sameAs":["http:\/\/www.echlorial.fr"],"url":"https:\/\/www.echlorial.fr\/blog\/author\/admin_echlorial\/"}]}},"_links":{"self":[{"href":"https:\/\/www.echlorial.fr\/blog\/wp-json\/wp\/v2\/posts\/3902"}],"collection":[{"href":"https:\/\/www.echlorial.fr\/blog\/wp-json\/wp\/v2\/posts"}],"about":[{"href":"https:\/\/www.echlorial.fr\/blog\/wp-json\/wp\/v2\/types\/post"}],"author":[{"embeddable":true,"href":"https:\/\/www.echlorial.fr\/blog\/wp-json\/wp\/v2\/users\/1"}],"replies":[{"embeddable":true,"href":"https:\/\/www.echlorial.fr\/blog\/wp-json\/wp\/v2\/comments?post=3902"}],"version-history":[{"count":2,"href":"https:\/\/www.echlorial.fr\/blog\/wp-json\/wp\/v2\/posts\/3902\/revisions"}],"predecessor-version":[{"id":3949,"href":"https:\/\/www.echlorial.fr\/blog\/wp-json\/wp\/v2\/posts\/3902\/revisions\/3949"}],"wp:featuredmedia":[{"embeddable":true,"href":"https:\/\/www.echlorial.fr\/blog\/wp-json\/wp\/v2\/media\/59"}],"wp:attachment":[{"href":"https:\/\/www.echlorial.fr\/blog\/wp-json\/wp\/v2\/media?parent=3902"}],"wp:term":[{"taxonomy":"category","embeddable":true,"href":"https:\/\/www.echlorial.fr\/blog\/wp-json\/wp\/v2\/categories?post=3902"},{"taxonomy":"post_tag","embeddable":true,"href":"https:\/\/www.echlorial.fr\/blog\/wp-json\/wp\/v2\/tags?post=3902"}],"curies":[{"name":"wp","href":"https:\/\/api.w.org\/{rel}","templated":true}]}}