{"id":4289,"date":"2021-03-04T11:20:31","date_gmt":"2021-03-04T11:20:31","guid":{"rendered":"https:\/\/www.echlorial.fr\/blog\/?p=4289"},"modified":"2021-10-04T11:21:22","modified_gmt":"2021-10-04T11:21:22","slug":"rika-6-ans-bouvier-bernois","status":"publish","type":"post","link":"https:\/\/www.echlorial.fr\/blog\/rika-6-ans-bouvier-bernois\/","title":{"rendered":"Rika 6 ans bouvier bernois"},"content":{"rendered":"\n<p>Rika est un bouvier bernois adopt\u00e9 SPA suite \u00e0 notre visite nous sommes sous le charme. La elle est diagnostiqu\u00e9e malade du foie nodules sur le foie et boue sur v\u00e9sicule biliaire. Elle ne veux plus se nourrir seule. On la force comme une oie&#8230; On est oblig\u00e9 de faire sinon.. elle est sous zentonil plus 400 et cortisone la je viens de recevoir de la chlorelle que je lui donne en plus depuis 2 jours. J\u2019esp\u00e8re vraiment tr\u00e8s fort que son \u00e9tat va s&rsquo;am\u00e9liorer.<\/p>\n","protected":false},"excerpt":{"rendered":"<p>Rika est un bouvier bernois adopt\u00e9 SPA suite \u00e0 notre visite nous sommes sous le charme. La elle est diagnostiqu\u00e9e malade du foie nodules sur le foie et boue sur v\u00e9sicule biliaire. Elle ne veux plus se nourrir seule. On la force comme une oie&#8230; On est oblig\u00e9 de faire sinon.. elle est sous zentonil [&hellip;]<\/p>\n","protected":false},"author":1,"featured_media":4290,"comment_status":"open","ping_status":"open","sticky":false,"template":"","format":"standard","meta":[],"categories":[21,4],"tags":[],"acf":[],"yoast_head":"<!-- This site is optimized with the Yoast SEO plugin v19.7.1 - https:\/\/yoast.com\/wordpress\/plugins\/seo\/ -->\n<title>Rika 6 ans bouvier bernois<\/title>\n<meta name=\"description\" content=\"Rika est un bouvier bernois adopt\u00e9 SPA suite \u00e0 notre visite nous sommes sous le charme. La elle est diagnostiqu\u00e9e malade du foie nodules sur le foie et boue sur v\u00e9sicule biliaire. Elle ne veux plus se nourrir seule. On la force comme une oie..\" \/>\n<meta name=\"robots\" content=\"index, follow, max-snippet:-1, max-image-preview:large, max-video-preview:-1\" \/>\n<link rel=\"canonical\" href=\"https:\/\/www.echlorial.fr\/blog\/rika-6-ans-bouvier-bernois\/\" \/>\n<meta property=\"og:locale\" content=\"fr_FR\" \/>\n<meta property=\"og:type\" content=\"article\" \/>\n<meta property=\"og:title\" content=\"Rika 6 ans bouvier bernois\" \/>\n<meta property=\"og:description\" content=\"Rika est un bouvier bernois adopt\u00e9 SPA suite \u00e0 notre visite nous sommes sous le charme. La elle est diagnostiqu\u00e9e malade du foie nodules sur le foie et boue sur v\u00e9sicule biliaire. Elle ne veux plus se nourrir seule. On la force comme une oie..\" \/>\n<meta property=\"og:url\" content=\"https:\/\/www.echlorial.fr\/blog\/rika-6-ans-bouvier-bernois\/\" \/>\n<meta property=\"og:site_name\" content=\"eChlorial\" \/>\n<meta property=\"article:published_time\" content=\"2021-03-04T11:20:31+00:00\" \/>\n<meta property=\"article:modified_time\" content=\"2021-10-04T11:21:22+00:00\" \/>\n<meta name=\"author\" content=\"admin_echlorial\" \/>\n<meta name=\"twitter:label1\" content=\"\u00c9crit par\" \/>\n\t<meta name=\"twitter:data1\" content=\"admin_echlorial\" \/>\n\t<meta name=\"twitter:label2\" content=\"Dur\u00e9e de lecture estim\u00e9e\" \/>\n\t<meta name=\"twitter:data2\" content=\"1 minute\" \/>\n<script type=\"application\/ld+json\" class=\"yoast-schema-graph\">{\"@context\":\"https:\/\/schema.org\",\"@graph\":[{\"@type\":\"WebPage\",\"@id\":\"https:\/\/www.echlorial.fr\/blog\/rika-6-ans-bouvier-bernois\/\",\"url\":\"https:\/\/www.echlorial.fr\/blog\/rika-6-ans-bouvier-bernois\/\",\"name\":\"Rika 6 ans bouvier bernois\",\"isPartOf\":{\"@id\":\"https:\/\/www.echlorial.fr\/blog\/#website\"},\"datePublished\":\"2021-03-04T11:20:31+00:00\",\"dateModified\":\"2021-10-04T11:21:22+00:00\",\"author\":{\"@id\":\"https:\/\/www.echlorial.fr\/blog\/#\/schema\/person\/0e76c63d04141dd4ae797ce19887e7a6\"},\"description\":\"Rika est un bouvier bernois adopt\u00e9 SPA suite \u00e0 notre visite nous sommes sous le charme. La elle est diagnostiqu\u00e9e malade du foie nodules sur le foie et boue sur v\u00e9sicule biliaire. Elle ne veux plus se nourrir seule. On la force comme une oie..\",\"breadcrumb\":{\"@id\":\"https:\/\/www.echlorial.fr\/blog\/rika-6-ans-bouvier-bernois\/#breadcrumb\"},\"inLanguage\":\"fr-FR\",\"potentialAction\":[{\"@type\":\"ReadAction\",\"target\":[\"https:\/\/www.echlorial.fr\/blog\/rika-6-ans-bouvier-bernois\/\"]}]},{\"@type\":\"BreadcrumbList\",\"@id\":\"https:\/\/www.echlorial.fr\/blog\/rika-6-ans-bouvier-bernois\/#breadcrumb\",\"itemListElement\":[{\"@type\":\"ListItem\",\"position\":1,\"name\":\"Accueil\",\"item\":\"https:\/\/www.echlorial.fr\/\"},{\"@type\":\"ListItem\",\"position\":2,\"name\":\"T\u00e9moignages\",\"item\":\"https:\/\/www.echlorial.fr\/blog\/category\/temoignages-fr\/\"},{\"@type\":\"ListItem\",\"position\":3,\"name\":\"Animaux\",\"item\":\"https:\/\/www.echlorial.fr\/blog\/category\/temoignages-fr\/animaux\/\"},{\"@type\":\"ListItem\",\"position\":4,\"name\":\"Rika 6 ans bouvier bernois\"}]},{\"@type\":\"WebSite\",\"@id\":\"https:\/\/www.echlorial.fr\/blog\/#website\",\"url\":\"https:\/\/www.echlorial.fr\/blog\/\",\"name\":\"eChlorial\",\"description\":\"Chlorella extra pure cultiv\u00e9e sous tube de verre en Allemagne\",\"potentialAction\":[{\"@type\":\"SearchAction\",\"target\":{\"@type\":\"EntryPoint\",\"urlTemplate\":\"https:\/\/www.echlorial.fr\/blog\/?s={search_term_string}\"},\"query-input\":\"required name=search_term_string\"}],\"inLanguage\":\"fr-FR\"},{\"@type\":\"Person\",\"@id\":\"https:\/\/www.echlorial.fr\/blog\/#\/schema\/person\/0e76c63d04141dd4ae797ce19887e7a6\",\"name\":\"admin_echlorial\",\"sameAs\":[\"http:\/\/www.echlorial.fr\"],\"url\":\"https:\/\/www.echlorial.fr\/blog\/author\/admin_echlorial\/\"}]}<\/script>\n<!-- \/ Yoast SEO plugin. -->","yoast_head_json":{"title":"Rika 6 ans bouvier bernois","description":"Rika est un bouvier bernois adopt\u00e9 SPA suite \u00e0 notre visite nous sommes sous le charme. La elle est diagnostiqu\u00e9e malade du foie nodules sur le foie et boue sur v\u00e9sicule biliaire. Elle ne veux plus se nourrir seule. On la force comme une oie..","robots":{"index":"index","follow":"follow","max-snippet":"max-snippet:-1","max-image-preview":"max-image-preview:large","max-video-preview":"max-video-preview:-1"},"canonical":"https:\/\/www.echlorial.fr\/blog\/rika-6-ans-bouvier-bernois\/","og_locale":"fr_FR","og_type":"article","og_title":"Rika 6 ans bouvier bernois","og_description":"Rika est un bouvier bernois adopt\u00e9 SPA suite \u00e0 notre visite nous sommes sous le charme. La elle est diagnostiqu\u00e9e malade du foie nodules sur le foie et boue sur v\u00e9sicule biliaire. Elle ne veux plus se nourrir seule. On la force comme une oie..","og_url":"https:\/\/www.echlorial.fr\/blog\/rika-6-ans-bouvier-bernois\/","og_site_name":"eChlorial","article_published_time":"2021-03-04T11:20:31+00:00","article_modified_time":"2021-10-04T11:21:22+00:00","author":"admin_echlorial","twitter_misc":{"\u00c9crit par":"admin_echlorial","Dur\u00e9e de lecture estim\u00e9e":"1 minute"},"schema":{"@context":"https:\/\/schema.org","@graph":[{"@type":"WebPage","@id":"https:\/\/www.echlorial.fr\/blog\/rika-6-ans-bouvier-bernois\/","url":"https:\/\/www.echlorial.fr\/blog\/rika-6-ans-bouvier-bernois\/","name":"Rika 6 ans bouvier bernois","isPartOf":{"@id":"https:\/\/www.echlorial.fr\/blog\/#website"},"datePublished":"2021-03-04T11:20:31+00:00","dateModified":"2021-10-04T11:21:22+00:00","author":{"@id":"https:\/\/www.echlorial.fr\/blog\/#\/schema\/person\/0e76c63d04141dd4ae797ce19887e7a6"},"description":"Rika est un bouvier bernois adopt\u00e9 SPA suite \u00e0 notre visite nous sommes sous le charme. La elle est diagnostiqu\u00e9e malade du foie nodules sur le foie et boue sur v\u00e9sicule biliaire. Elle ne veux plus se nourrir seule. On la force comme une oie..","breadcrumb":{"@id":"https:\/\/www.echlorial.fr\/blog\/rika-6-ans-bouvier-bernois\/#breadcrumb"},"inLanguage":"fr-FR","potentialAction":[{"@type":"ReadAction","target":["https:\/\/www.echlorial.fr\/blog\/rika-6-ans-bouvier-bernois\/"]}]},{"@type":"BreadcrumbList","@id":"https:\/\/www.echlorial.fr\/blog\/rika-6-ans-bouvier-bernois\/#breadcrumb","itemListElement":[{"@type":"ListItem","position":1,"name":"Accueil","item":"https:\/\/www.echlorial.fr\/"},{"@type":"ListItem","position":2,"name":"T\u00e9moignages","item":"https:\/\/www.echlorial.fr\/blog\/category\/temoignages-fr\/"},{"@type":"ListItem","position":3,"name":"Animaux","item":"https:\/\/www.echlorial.fr\/blog\/category\/temoignages-fr\/animaux\/"},{"@type":"ListItem","position":4,"name":"Rika 6 ans bouvier bernois"}]},{"@type":"WebSite","@id":"https:\/\/www.echlorial.fr\/blog\/#website","url":"https:\/\/www.echlorial.fr\/blog\/","name":"eChlorial","description":"Chlorella extra pure cultiv\u00e9e sous tube de verre en Allemagne","potentialAction":[{"@type":"SearchAction","target":{"@type":"EntryPoint","urlTemplate":"https:\/\/www.echlorial.fr\/blog\/?s={search_term_string}"},"query-input":"required name=search_term_string"}],"inLanguage":"fr-FR"},{"@type":"Person","@id":"https:\/\/www.echlorial.fr\/blog\/#\/schema\/person\/0e76c63d04141dd4ae797ce19887e7a6","name":"admin_echlorial","sameAs":["http:\/\/www.echlorial.fr"],"url":"https:\/\/www.echlorial.fr\/blog\/author\/admin_echlorial\/"}]}},"_links":{"self":[{"href":"https:\/\/www.echlorial.fr\/blog\/wp-json\/wp\/v2\/posts\/4289"}],"collection":[{"href":"https:\/\/www.echlorial.fr\/blog\/wp-json\/wp\/v2\/posts"}],"about":[{"href":"https:\/\/www.echlorial.fr\/blog\/wp-json\/wp\/v2\/types\/post"}],"author":[{"embeddable":true,"href":"https:\/\/www.echlorial.fr\/blog\/wp-json\/wp\/v2\/users\/1"}],"replies":[{"embeddable":true,"href":"https:\/\/www.echlorial.fr\/blog\/wp-json\/wp\/v2\/comments?post=4289"}],"version-history":[{"count":1,"href":"https:\/\/www.echlorial.fr\/blog\/wp-json\/wp\/v2\/posts\/4289\/revisions"}],"predecessor-version":[{"id":5595,"href":"https:\/\/www.echlorial.fr\/blog\/wp-json\/wp\/v2\/posts\/4289\/revisions\/5595"}],"wp:featuredmedia":[{"embeddable":true,"href":"https:\/\/www.echlorial.fr\/blog\/wp-json\/wp\/v2\/media\/4290"}],"wp:attachment":[{"href":"https:\/\/www.echlorial.fr\/blog\/wp-json\/wp\/v2\/media?parent=4289"}],"wp:term":[{"taxonomy":"category","embeddable":true,"href":"https:\/\/www.echlorial.fr\/blog\/wp-json\/wp\/v2\/categories?post=4289"},{"taxonomy":"post_tag","embeddable":true,"href":"https:\/\/www.echlorial.fr\/blog\/wp-json\/wp\/v2\/tags?post=4289"}],"curies":[{"name":"wp","href":"https:\/\/api.w.org\/{rel}","templated":true}]}}