{"id":521,"date":"2015-03-26T19:19:23","date_gmt":"2015-03-26T19:19:23","guid":{"rendered":"http:\/\/www.echlorial.fr\/blog\/?p=521"},"modified":"2016-01-16T13:03:08","modified_gmt":"2016-01-16T13:03:08","slug":"mon-transit-est-devenu-journalier","status":"publish","type":"post","link":"https:\/\/www.echlorial.fr\/blog\/mon-transit-est-devenu-journalier\/","title":{"rendered":"Mon transit est devenu journalier"},"content":{"rendered":"<p>L\u00e9gers vertiges les trois premiers jours de prise puis plus rien, selles tr\u00e8s fonc\u00e9es les deux premi\u00e8res semaines, mon transit est devenu journalier m\u00eame deux fois par jour alors qu&rsquo;avant un jour sur deux, mon ventre d\u00e9gonfl\u00e9, des cheveux plus soyeux, plus beaux et je ressens plus de vitalit\u00e9 chaque jour et remercie Muriel qui r\u00e9pond toujours tr\u00e8s vite \u00e0 nos questions.<\/p>\n<p><span style=\"font-size: 14pt;\"><a class=\"btn btn-default\">Brigitte<\/a><\/span><\/p>\n","protected":false},"excerpt":{"rendered":"<p>L\u00e9gers vertiges les trois premiers jours de prise puis plus rien, selles tr\u00e8s fonc\u00e9es les deux premi\u00e8res semaines, mon transit est devenu journalier m\u00eame deux fois par jour alors qu&rsquo;avant un jour sur deux, mon ventre d\u00e9gonfl\u00e9, des cheveux plus soyeux, plus beaux et je ressens plus de vitalit\u00e9 chaque jour et remercie Muriel qui [&hellip;]<\/p>\n","protected":false},"author":2,"featured_media":59,"comment_status":"open","ping_status":"open","sticky":false,"template":"","format":"standard","meta":[],"categories":[41,37,4],"tags":[],"acf":[],"yoast_head":"<!-- This site is optimized with the Yoast SEO plugin v19.7.1 - https:\/\/yoast.com\/wordpress\/plugins\/seo\/ -->\n<title>Mon transit est devenu journalier<\/title>\n<meta name=\"robots\" content=\"index, follow, max-snippet:-1, max-image-preview:large, max-video-preview:-1\" \/>\n<link rel=\"canonical\" href=\"https:\/\/www.echlorial.fr\/blog\/mon-transit-est-devenu-journalier\/\" \/>\n<meta property=\"og:locale\" content=\"fr_FR\" \/>\n<meta property=\"og:type\" content=\"article\" \/>\n<meta property=\"og:title\" content=\"Mon transit est devenu journalier\" \/>\n<meta property=\"og:description\" content=\"L\u00e9gers vertiges les trois premiers jours de prise puis plus rien, selles tr\u00e8s fonc\u00e9es les deux premi\u00e8res semaines, mon transit est devenu journalier m\u00eame deux fois par jour alors qu&rsquo;avant un jour sur deux, mon ventre d\u00e9gonfl\u00e9, des cheveux plus soyeux, plus beaux et je ressens plus de vitalit\u00e9 chaque jour et remercie Muriel qui [&hellip;]\" \/>\n<meta property=\"og:url\" content=\"https:\/\/www.echlorial.fr\/blog\/mon-transit-est-devenu-journalier\/\" \/>\n<meta property=\"og:site_name\" content=\"eChlorial\" \/>\n<meta property=\"article:published_time\" content=\"2015-03-26T19:19:23+00:00\" \/>\n<meta property=\"article:modified_time\" content=\"2016-01-16T13:03:08+00:00\" \/>\n<meta property=\"og:image\" content=\"https:\/\/www.echlorial.fr\/blog\/wp-content\/uploads\/2015\/03\/Avatar-Femme.jpg\" \/>\n\t<meta property=\"og:image:width\" content=\"1900\" \/>\n\t<meta property=\"og:image:height\" content=\"254\" \/>\n\t<meta property=\"og:image:type\" content=\"image\/jpeg\" \/>\n<meta name=\"author\" content=\"Muriel Cathaud, Docteur es Sciences\" \/>\n<meta name=\"twitter:label1\" content=\"\u00c9crit par\" \/>\n\t<meta name=\"twitter:data1\" content=\"Muriel Cathaud, Docteur es Sciences\" \/>\n<script type=\"application\/ld+json\" class=\"yoast-schema-graph\">{\"@context\":\"https:\/\/schema.org\",\"@graph\":[{\"@type\":\"WebPage\",\"@id\":\"https:\/\/www.echlorial.fr\/blog\/mon-transit-est-devenu-journalier\/\",\"url\":\"https:\/\/www.echlorial.fr\/blog\/mon-transit-est-devenu-journalier\/\",\"name\":\"Mon transit est devenu journalier\",\"isPartOf\":{\"@id\":\"https:\/\/www.echlorial.fr\/blog\/#website\"},\"datePublished\":\"2015-03-26T19:19:23+00:00\",\"dateModified\":\"2016-01-16T13:03:08+00:00\",\"author\":{\"@id\":\"https:\/\/www.echlorial.fr\/blog\/#\/schema\/person\/e45d017630e2d6e097a1c8df479598f6\"},\"breadcrumb\":{\"@id\":\"https:\/\/www.echlorial.fr\/blog\/mon-transit-est-devenu-journalier\/#breadcrumb\"},\"inLanguage\":\"fr-FR\",\"potentialAction\":[{\"@type\":\"ReadAction\",\"target\":[\"https:\/\/www.echlorial.fr\/blog\/mon-transit-est-devenu-journalier\/\"]}]},{\"@type\":\"BreadcrumbList\",\"@id\":\"https:\/\/www.echlorial.fr\/blog\/mon-transit-est-devenu-journalier\/#breadcrumb\",\"itemListElement\":[{\"@type\":\"ListItem\",\"position\":1,\"name\":\"Accueil\",\"item\":\"https:\/\/www.echlorial.fr\/\"},{\"@type\":\"ListItem\",\"position\":2,\"name\":\"T\u00e9moignages\",\"item\":\"https:\/\/www.echlorial.fr\/blog\/category\/temoignages-fr\/\"},{\"@type\":\"ListItem\",\"position\":3,\"name\":\"Cheveux et ongles\",\"item\":\"https:\/\/www.echlorial.fr\/blog\/category\/temoignages-fr\/cheveux-et-ongles\/\"},{\"@type\":\"ListItem\",\"position\":4,\"name\":\"Mon transit est devenu journalier\"}]},{\"@type\":\"WebSite\",\"@id\":\"https:\/\/www.echlorial.fr\/blog\/#website\",\"url\":\"https:\/\/www.echlorial.fr\/blog\/\",\"name\":\"eChlorial\",\"description\":\"Chlorella extra pure cultiv\u00e9e sous tube de verre en Allemagne\",\"potentialAction\":[{\"@type\":\"SearchAction\",\"target\":{\"@type\":\"EntryPoint\",\"urlTemplate\":\"https:\/\/www.echlorial.fr\/blog\/?s={search_term_string}\"},\"query-input\":\"required name=search_term_string\"}],\"inLanguage\":\"fr-FR\"},{\"@type\":\"Person\",\"@id\":\"https:\/\/www.echlorial.fr\/blog\/#\/schema\/person\/e45d017630e2d6e097a1c8df479598f6\",\"name\":\"Muriel Cathaud, Docteur es Sciences\",\"description\":\"Muriel Cathaud, Docteur es Sciences en Physique-Chimie\",\"sameAs\":[\"http:\/\/www.echlorial.fr\"],\"url\":\"https:\/\/www.echlorial.fr\/blog\/author\/directionechlorial-com\/\"}]}<\/script>\n<!-- \/ Yoast SEO plugin. -->","yoast_head_json":{"title":"Mon transit est devenu journalier","robots":{"index":"index","follow":"follow","max-snippet":"max-snippet:-1","max-image-preview":"max-image-preview:large","max-video-preview":"max-video-preview:-1"},"canonical":"https:\/\/www.echlorial.fr\/blog\/mon-transit-est-devenu-journalier\/","og_locale":"fr_FR","og_type":"article","og_title":"Mon transit est devenu journalier","og_description":"L\u00e9gers vertiges les trois premiers jours de prise puis plus rien, selles tr\u00e8s fonc\u00e9es les deux premi\u00e8res semaines, mon transit est devenu journalier m\u00eame deux fois par jour alors qu&rsquo;avant un jour sur deux, mon ventre d\u00e9gonfl\u00e9, des cheveux plus soyeux, plus beaux et je ressens plus de vitalit\u00e9 chaque jour et remercie Muriel qui [&hellip;]","og_url":"https:\/\/www.echlorial.fr\/blog\/mon-transit-est-devenu-journalier\/","og_site_name":"eChlorial","article_published_time":"2015-03-26T19:19:23+00:00","article_modified_time":"2016-01-16T13:03:08+00:00","og_image":[{"width":1900,"height":254,"url":"https:\/\/www.echlorial.fr\/blog\/wp-content\/uploads\/2015\/03\/Avatar-Femme.jpg","type":"image\/jpeg"}],"author":"Muriel Cathaud, Docteur es Sciences","twitter_misc":{"\u00c9crit par":"Muriel Cathaud, Docteur es Sciences"},"schema":{"@context":"https:\/\/schema.org","@graph":[{"@type":"WebPage","@id":"https:\/\/www.echlorial.fr\/blog\/mon-transit-est-devenu-journalier\/","url":"https:\/\/www.echlorial.fr\/blog\/mon-transit-est-devenu-journalier\/","name":"Mon transit est devenu journalier","isPartOf":{"@id":"https:\/\/www.echlorial.fr\/blog\/#website"},"datePublished":"2015-03-26T19:19:23+00:00","dateModified":"2016-01-16T13:03:08+00:00","author":{"@id":"https:\/\/www.echlorial.fr\/blog\/#\/schema\/person\/e45d017630e2d6e097a1c8df479598f6"},"breadcrumb":{"@id":"https:\/\/www.echlorial.fr\/blog\/mon-transit-est-devenu-journalier\/#breadcrumb"},"inLanguage":"fr-FR","potentialAction":[{"@type":"ReadAction","target":["https:\/\/www.echlorial.fr\/blog\/mon-transit-est-devenu-journalier\/"]}]},{"@type":"BreadcrumbList","@id":"https:\/\/www.echlorial.fr\/blog\/mon-transit-est-devenu-journalier\/#breadcrumb","itemListElement":[{"@type":"ListItem","position":1,"name":"Accueil","item":"https:\/\/www.echlorial.fr\/"},{"@type":"ListItem","position":2,"name":"T\u00e9moignages","item":"https:\/\/www.echlorial.fr\/blog\/category\/temoignages-fr\/"},{"@type":"ListItem","position":3,"name":"Cheveux et ongles","item":"https:\/\/www.echlorial.fr\/blog\/category\/temoignages-fr\/cheveux-et-ongles\/"},{"@type":"ListItem","position":4,"name":"Mon transit est devenu journalier"}]},{"@type":"WebSite","@id":"https:\/\/www.echlorial.fr\/blog\/#website","url":"https:\/\/www.echlorial.fr\/blog\/","name":"eChlorial","description":"Chlorella extra pure cultiv\u00e9e sous tube de verre en Allemagne","potentialAction":[{"@type":"SearchAction","target":{"@type":"EntryPoint","urlTemplate":"https:\/\/www.echlorial.fr\/blog\/?s={search_term_string}"},"query-input":"required name=search_term_string"}],"inLanguage":"fr-FR"},{"@type":"Person","@id":"https:\/\/www.echlorial.fr\/blog\/#\/schema\/person\/e45d017630e2d6e097a1c8df479598f6","name":"Muriel Cathaud, Docteur es Sciences","description":"Muriel Cathaud, Docteur es Sciences en Physique-Chimie","sameAs":["http:\/\/www.echlorial.fr"],"url":"https:\/\/www.echlorial.fr\/blog\/author\/directionechlorial-com\/"}]}},"_links":{"self":[{"href":"https:\/\/www.echlorial.fr\/blog\/wp-json\/wp\/v2\/posts\/521"}],"collection":[{"href":"https:\/\/www.echlorial.fr\/blog\/wp-json\/wp\/v2\/posts"}],"about":[{"href":"https:\/\/www.echlorial.fr\/blog\/wp-json\/wp\/v2\/types\/post"}],"author":[{"embeddable":true,"href":"https:\/\/www.echlorial.fr\/blog\/wp-json\/wp\/v2\/users\/2"}],"replies":[{"embeddable":true,"href":"https:\/\/www.echlorial.fr\/blog\/wp-json\/wp\/v2\/comments?post=521"}],"version-history":[{"count":3,"href":"https:\/\/www.echlorial.fr\/blog\/wp-json\/wp\/v2\/posts\/521\/revisions"}],"predecessor-version":[{"id":1046,"href":"https:\/\/www.echlorial.fr\/blog\/wp-json\/wp\/v2\/posts\/521\/revisions\/1046"}],"wp:featuredmedia":[{"embeddable":true,"href":"https:\/\/www.echlorial.fr\/blog\/wp-json\/wp\/v2\/media\/59"}],"wp:attachment":[{"href":"https:\/\/www.echlorial.fr\/blog\/wp-json\/wp\/v2\/media?parent=521"}],"wp:term":[{"taxonomy":"category","embeddable":true,"href":"https:\/\/www.echlorial.fr\/blog\/wp-json\/wp\/v2\/categories?post=521"},{"taxonomy":"post_tag","embeddable":true,"href":"https:\/\/www.echlorial.fr\/blog\/wp-json\/wp\/v2\/tags?post=521"}],"curies":[{"name":"wp","href":"https:\/\/api.w.org\/{rel}","templated":true}]}}