{"id":6305,"date":"2022-12-12T10:51:49","date_gmt":"2022-12-12T10:51:49","guid":{"rendered":"https:\/\/www.echlorial.fr\/blog\/?p=6305"},"modified":"2026-04-27T09:49:44","modified_gmt":"2026-04-27T09:49:44","slug":"radio-france-chlorella","status":"publish","type":"post","link":"https:\/\/www.echlorial.fr\/blog\/radio-france-chlorella\/","title":{"rendered":"Radio France parle de la Chlorella !"},"content":{"rendered":"\n<p>A l&rsquo;occasion des 20 ans d&rsquo;eChlorial, nous avons re\u00e7u la visite de No\u00e9mie Philippot, journaliste \u00e0 France Bleu Is\u00e8re pour discuter de notre parcours et de nos projets. D\u00e9sormais situ\u00e9e \u00e0 l&rsquo;<strong><a href=\"https:\/\/www.espace-harmonia.fr\">Espace Harmonia<\/a><\/strong>, Vaulx Milieu, notre \u00e9quipe est confortablement install\u00e9e pour d\u00e9velopper ses activit\u00e9s. L&rsquo;entretien entre <a href=\"https:\/\/www.echlorial.fr\/blog\/docteur-muriel-cathaud\/\">Muriel Cathaud<\/a>, fondatrice de Intellimed (eChlorial) et la journaliste, fait mention des propri\u00e9t\u00e9s de la <a href=\"https:\/\/www.echlorial.fr\/14-chlorella-bio\"><strong>chlorella<\/strong><\/a> et de son int\u00e9r\u00eat pour les grands chefs tel que <a href=\"https:\/\/www.echlorial.fr\/blog\/plancton-pierre-gagnaire\/\">Pierre Gagnaire<\/a> qui aiment incorporer du plancton dans leur cuisine !<\/p>\n\n\n\n<p><strong>Ci-dessous l&rsquo;enregistrement de l&rsquo;interview :<\/strong><\/p>\n\n\n\n<div class=\"wp-block-image is-style-default\"><figure class=\"aligncenter size-full\"><img loading=\"lazy\" width=\"82\" height=\"82\" src=\"https:\/\/www.echlorial.fr\/blog\/wp-content\/uploads\/2022\/12\/France_Bleu_logo.jpg\" alt=\"\" class=\"wp-image-6313\" srcset=\"https:\/\/www.echlorial.fr\/blog\/wp-content\/uploads\/2022\/12\/France_Bleu_logo.jpg 82w, https:\/\/www.echlorial.fr\/blog\/wp-content\/uploads\/2022\/12\/France_Bleu_logo-68x68.jpg 68w\" sizes=\"(max-width: 82px) 100vw, 82px\" \/><\/figure><\/div>\n\n\n\n<figure class=\"wp-block-audio\"><audio controls src=\"https:\/\/www.echlorial.fr\/blog\/wp-content\/uploads\/2022\/12\/InterviewECHLORIAL-FranceBleu.ogg\"><\/audio><figcaption>Interview France Bleu &#8211; Muriel Cathaud \/ No\u00e9mie Philippot &#8211; eChlorial. Source : France Bleu<\/figcaption><\/figure>\n\n\n\n<h3>Extrait de l&rsquo;entretien :<\/h3>\n\n\n\n<h2>Cette entreprise du Nord-Is\u00e8re vend des micro-algues aux chefs \u00e9toil\u00e9s<\/h2>\n\n\n\n<p><em>Par No\u00e9mie Philippot<\/em><br><strong>Si vous mangiez des algues pour donner un coup de pouce \u00e0 votre organisme ? C&rsquo;est ce que vous propose l&rsquo;entreprise Intellimed, bas\u00e9e \u00e0 Vaulx Milieu en Nord-Is\u00e8re. Elle f\u00eate ses 20 ans et compte s&rsquo;implanter sur le march\u00e9 am\u00e9ricain.<\/strong><\/p>\n\n\n\n<div class=\"wp-block-image\"><figure class=\"alignright size-full\"><img loading=\"lazy\" width=\"475\" height=\"326\" src=\"https:\/\/www.echlorial.fr\/blog\/wp-content\/uploads\/2022\/12\/Gamme-eChlorial-small.jpg\" alt=\"\" class=\"wp-image-6321\" srcset=\"https:\/\/www.echlorial.fr\/blog\/wp-content\/uploads\/2022\/12\/Gamme-eChlorial-small.jpg 475w, https:\/\/www.echlorial.fr\/blog\/wp-content\/uploads\/2022\/12\/Gamme-eChlorial-small-300x206.jpg 300w, https:\/\/www.echlorial.fr\/blog\/wp-content\/uploads\/2022\/12\/Gamme-eChlorial-small-160x110.jpg 160w\" sizes=\"(max-width: 475px) 100vw, 475px\" \/><figcaption>Micro algues Chlorella, Spiruline, Astaxanthine, Om\u00e9ga 3<\/figcaption><\/figure><\/div>\n\n\n\n<p>C&rsquo;est une toute petite algue aux vertus vent\u00e9es par l&rsquo;entreprise Intellimed&nbsp;: la chlorella. Commercialis\u00e9e en France depuis 20 ans. Elle reste plus confidentielle que la spiruline mais Muriel Cathaud compte bien la faire conna\u00eetre. Pour se d\u00e9velopper, elle a d\u00e9m\u00e9nag\u00e9 il y a \u00e0 peine un an son entreprise de sa maison vers les locaux de l&rsquo;espace Harmonia \u00e0 Vaulx-Milieu en Nord-Is\u00e8re. Sur internet, elle a pris le nom de la marque des produits qu&rsquo;elle commercialise&nbsp;:&nbsp;eChlorial.<\/p>\n\n\n\n<p><strong>France Bleu Is\u00e8re&nbsp;: Votre entreprise f\u00eate ses 20 ans. Quelle est son histoire&nbsp;? Parce que \u00e7a a commenc\u00e9 tout petit..<\/strong><\/p>\n\n\n\n<p><strong>Muriel Cathaud&nbsp;:<\/strong>&nbsp;Oui, \u00e7a a commenc\u00e9 il y a 20 ans avec la cr\u00e9ation d&rsquo;une soci\u00e9t\u00e9 de conseil en transfert de technologies. Et puis, parall\u00e8lement \u00e0 \u00e7a, l&rsquo;opportunit\u00e9 a fait que je d\u00e9couvre une petite algue que je consid\u00e8re \u00eatre&#8230; pas magique, mais extr\u00eamement pr\u00e9cieuse pour la sant\u00e9 par un ami qui avait particip\u00e9 \u00e0 la mise au point de la m\u00e9thodologie de production de cette algue, sous tube de verre, afin d&rsquo;en obtenir un produit extr\u00eamement pur et propre. Il m&rsquo;a propos\u00e9 de la mettre sur le march\u00e9 sur le territoire fran\u00e7ais, cette petite algue s&rsquo;appelle la chlorella.<\/p>\n\n\n\n<p><strong>Quel est son effet sur la sant\u00e9&nbsp;?<\/strong><\/p>\n\n\n\n<p>C&rsquo;est un cocktail de nutriments extr\u00eamement b\u00e9n\u00e9fiques pour la sant\u00e9. Parce que, d&rsquo;abord, elle va supprimer les carences qu&rsquo;on a, \u00e0 peu pr\u00e8s tous, et son premier int\u00e9r\u00eat est de travailler sur l&rsquo;intestin, sur le <a href=\"https:\/\/www.echlorial.fr\/blog\/intestins-pensent-200-millions-neurones\/\">microbiote<\/a> intestinal. La premi\u00e8re chose qu&rsquo;elle va faire, c&rsquo;est le nettoyer et le r\u00e9\u00e9quilibrer.<\/p>\n\n\n\n<p><strong>Sachant que ce n&rsquo;est pas un produit qu&rsquo;on n&rsquo;utilise uniquement \u00e0 la maison. Des chefs qui font appel \u00e0 vous&nbsp;!<\/strong><\/p>\n\n\n\n<p>Oui, c&rsquo;est un produit qui reste confidentiel pour tout un chacun. Pour autant, les grands chefs, qui sont quand m\u00eame bien inform\u00e9s, et certains qui se sont beaucoup int\u00e9ress\u00e9s aux produits qui viennent d&rsquo;Asie, notamment des chefs comme&#8230;<\/p>\n\n\n\n<p><strong>L&rsquo;article complet : <\/strong><a href=\"https:\/\/www.francebleu.fr\/infos\/economie-social\/cette-entreprise-du-nord-isere-vend-des-micro-algues-aux-chefs-etoiles-7769894\" target=\"_blank\" rel=\"nofollow noreferrer noopener\">Cette entreprise du Nord-Is\u00e8re vend des micro-algues aux chefs \u00e9toil\u00e9s<\/a><\/p>\n","protected":false},"excerpt":{"rendered":"<p>A l&rsquo;occasion des 20 ans d&rsquo;eChlorial, nous avons re\u00e7u la visite de No\u00e9mie Philippot, journaliste \u00e0 France Bleu Is\u00e8re pour discuter de notre parcours et de nos projets. D\u00e9sormais situ\u00e9e \u00e0 l&rsquo;Espace Harmonia, Vaulx Milieu, notre \u00e9quipe est confortablement install\u00e9e pour d\u00e9velopper ses activit\u00e9s. L&rsquo;entretien entre Muriel Cathaud, fondatrice de Intellimed (eChlorial) et la journaliste, [&hellip;]<\/p>\n","protected":false},"author":1,"featured_media":0,"comment_status":"open","ping_status":"open","sticky":false,"template":"","format":"standard","meta":[],"categories":[289,1],"tags":[80],"acf":[],"yoast_head":"<!-- This site is optimized with the Yoast SEO plugin v19.7.1 - https:\/\/yoast.com\/wordpress\/plugins\/seo\/ -->\n<title>Radio France parle de la Chlorella !<\/title>\n<meta name=\"description\" content=\"L&#039;entretien entre Muriel Cathaud, fondatrice de Intellimed et la journaliste fait mention des propri\u00e9t\u00e9s de la chlorella et notamment de son int\u00e9r\u00eat pour les grands chefs tel que Pierre Gagnaire qui aime incorporer du plancton dans leurs cuisine!\" \/>\n<meta name=\"robots\" content=\"index, follow, max-snippet:-1, max-image-preview:large, max-video-preview:-1\" \/>\n<link rel=\"canonical\" href=\"https:\/\/www.echlorial.fr\/blog\/radio-france-chlorella\/\" \/>\n<meta property=\"og:locale\" content=\"fr_FR\" \/>\n<meta property=\"og:type\" content=\"article\" \/>\n<meta property=\"og:title\" content=\"Radio France parle de la Chlorella !\" \/>\n<meta property=\"og:description\" content=\"L&#039;entretien entre Muriel Cathaud, fondatrice de Intellimed et la journaliste fait mention des propri\u00e9t\u00e9s de la chlorella et notamment de son int\u00e9r\u00eat pour les grands chefs tel que Pierre Gagnaire qui aime incorporer du plancton dans leurs cuisine!\" \/>\n<meta property=\"og:url\" content=\"https:\/\/www.echlorial.fr\/blog\/radio-france-chlorella\/\" \/>\n<meta property=\"og:site_name\" content=\"eChlorial\" \/>\n<meta property=\"article:published_time\" content=\"2022-12-12T10:51:49+00:00\" \/>\n<meta property=\"article:modified_time\" content=\"2026-04-27T09:49:44+00:00\" \/>\n<meta property=\"og:image\" content=\"https:\/\/www.echlorial.fr\/blog\/wp-content\/uploads\/2022\/12\/France_Bleu_logo.jpg\" \/>\n<meta name=\"author\" content=\"admin_echlorial\" \/>\n<meta name=\"twitter:label1\" content=\"\u00c9crit par\" \/>\n\t<meta name=\"twitter:data1\" content=\"admin_echlorial\" \/>\n\t<meta name=\"twitter:label2\" content=\"Dur\u00e9e de lecture estim\u00e9e\" \/>\n\t<meta name=\"twitter:data2\" content=\"3 minutes\" \/>\n<script type=\"application\/ld+json\" class=\"yoast-schema-graph\">{\"@context\":\"https:\/\/schema.org\",\"@graph\":[{\"@type\":\"WebPage\",\"@id\":\"https:\/\/www.echlorial.fr\/blog\/radio-france-chlorella\/\",\"url\":\"https:\/\/www.echlorial.fr\/blog\/radio-france-chlorella\/\",\"name\":\"Radio France parle de la Chlorella !\",\"isPartOf\":{\"@id\":\"https:\/\/www.echlorial.de.com\/blog\/#website\"},\"datePublished\":\"2022-12-12T10:51:49+00:00\",\"dateModified\":\"2026-04-27T09:49:44+00:00\",\"author\":{\"@id\":\"https:\/\/www.echlorial.de.com\/blog\/#\/schema\/person\/0e76c63d04141dd4ae797ce19887e7a6\"},\"description\":\"L'entretien entre Muriel Cathaud, fondatrice de Intellimed et la journaliste fait mention des propri\u00e9t\u00e9s de la chlorella et notamment de son int\u00e9r\u00eat pour les grands chefs tel que Pierre Gagnaire qui aime incorporer du plancton dans leurs cuisine!\",\"breadcrumb\":{\"@id\":\"https:\/\/www.echlorial.fr\/blog\/radio-france-chlorella\/#breadcrumb\"},\"inLanguage\":\"fr-FR\",\"potentialAction\":[{\"@type\":\"ReadAction\",\"target\":[\"https:\/\/www.echlorial.fr\/blog\/radio-france-chlorella\/\"]}]},{\"@type\":\"BreadcrumbList\",\"@id\":\"https:\/\/www.echlorial.fr\/blog\/radio-france-chlorella\/#breadcrumb\",\"itemListElement\":[{\"@type\":\"ListItem\",\"position\":1,\"name\":\"Accueil\",\"item\":\"https:\/\/www.echlorial.fr\/\"},{\"@type\":\"ListItem\",\"position\":2,\"name\":\"Sciences et actualit\u00e9s\",\"item\":\"https:\/\/www.echlorial.fr\/blog\/category\/sciences-actualites\/\"},{\"@type\":\"ListItem\",\"position\":3,\"name\":\"Radio France parle de la Chlorella !\"}]},{\"@type\":\"WebSite\",\"@id\":\"https:\/\/www.echlorial.de.com\/blog\/#website\",\"url\":\"https:\/\/www.echlorial.de.com\/blog\/\",\"name\":\"eChlorial\",\"description\":\"Chlorella extra pure cultiv\u00e9e sous tube de verre en Allemagne\",\"potentialAction\":[{\"@type\":\"SearchAction\",\"target\":{\"@type\":\"EntryPoint\",\"urlTemplate\":\"https:\/\/www.echlorial.de.com\/blog\/?s={search_term_string}\"},\"query-input\":\"required name=search_term_string\"}],\"inLanguage\":\"fr-FR\"},{\"@type\":\"Person\",\"@id\":\"https:\/\/www.echlorial.de.com\/blog\/#\/schema\/person\/0e76c63d04141dd4ae797ce19887e7a6\",\"name\":\"admin_echlorial\",\"sameAs\":[\"http:\/\/www.echlorial.fr\"],\"url\":\"https:\/\/www.echlorial.fr\/blog\/author\/admin_echlorial\/\"}]}<\/script>\n<!-- \/ Yoast SEO plugin. -->","yoast_head_json":{"title":"Radio France parle de la Chlorella !","description":"L'entretien entre Muriel Cathaud, fondatrice de Intellimed et la journaliste fait mention des propri\u00e9t\u00e9s de la chlorella et notamment de son int\u00e9r\u00eat pour les grands chefs tel que Pierre Gagnaire qui aime incorporer du plancton dans leurs cuisine!","robots":{"index":"index","follow":"follow","max-snippet":"max-snippet:-1","max-image-preview":"max-image-preview:large","max-video-preview":"max-video-preview:-1"},"canonical":"https:\/\/www.echlorial.fr\/blog\/radio-france-chlorella\/","og_locale":"fr_FR","og_type":"article","og_title":"Radio France parle de la Chlorella !","og_description":"L'entretien entre Muriel Cathaud, fondatrice de Intellimed et la journaliste fait mention des propri\u00e9t\u00e9s de la chlorella et notamment de son int\u00e9r\u00eat pour les grands chefs tel que Pierre Gagnaire qui aime incorporer du plancton dans leurs cuisine!","og_url":"https:\/\/www.echlorial.fr\/blog\/radio-france-chlorella\/","og_site_name":"eChlorial","article_published_time":"2022-12-12T10:51:49+00:00","article_modified_time":"2026-04-27T09:49:44+00:00","og_image":[{"url":"https:\/\/www.echlorial.fr\/blog\/wp-content\/uploads\/2022\/12\/France_Bleu_logo.jpg"}],"author":"admin_echlorial","twitter_misc":{"\u00c9crit par":"admin_echlorial","Dur\u00e9e de lecture estim\u00e9e":"3 minutes"},"schema":{"@context":"https:\/\/schema.org","@graph":[{"@type":"WebPage","@id":"https:\/\/www.echlorial.fr\/blog\/radio-france-chlorella\/","url":"https:\/\/www.echlorial.fr\/blog\/radio-france-chlorella\/","name":"Radio France parle de la Chlorella !","isPartOf":{"@id":"https:\/\/www.echlorial.de.com\/blog\/#website"},"datePublished":"2022-12-12T10:51:49+00:00","dateModified":"2026-04-27T09:49:44+00:00","author":{"@id":"https:\/\/www.echlorial.de.com\/blog\/#\/schema\/person\/0e76c63d04141dd4ae797ce19887e7a6"},"description":"L'entretien entre Muriel Cathaud, fondatrice de Intellimed et la journaliste fait mention des propri\u00e9t\u00e9s de la chlorella et notamment de son int\u00e9r\u00eat pour les grands chefs tel que Pierre Gagnaire qui aime incorporer du plancton dans leurs cuisine!","breadcrumb":{"@id":"https:\/\/www.echlorial.fr\/blog\/radio-france-chlorella\/#breadcrumb"},"inLanguage":"fr-FR","potentialAction":[{"@type":"ReadAction","target":["https:\/\/www.echlorial.fr\/blog\/radio-france-chlorella\/"]}]},{"@type":"BreadcrumbList","@id":"https:\/\/www.echlorial.fr\/blog\/radio-france-chlorella\/#breadcrumb","itemListElement":[{"@type":"ListItem","position":1,"name":"Accueil","item":"https:\/\/www.echlorial.fr\/"},{"@type":"ListItem","position":2,"name":"Sciences et actualit\u00e9s","item":"https:\/\/www.echlorial.fr\/blog\/category\/sciences-actualites\/"},{"@type":"ListItem","position":3,"name":"Radio France parle de la Chlorella !"}]},{"@type":"WebSite","@id":"https:\/\/www.echlorial.de.com\/blog\/#website","url":"https:\/\/www.echlorial.de.com\/blog\/","name":"eChlorial","description":"Chlorella extra pure cultiv\u00e9e sous tube de verre en Allemagne","potentialAction":[{"@type":"SearchAction","target":{"@type":"EntryPoint","urlTemplate":"https:\/\/www.echlorial.de.com\/blog\/?s={search_term_string}"},"query-input":"required name=search_term_string"}],"inLanguage":"fr-FR"},{"@type":"Person","@id":"https:\/\/www.echlorial.de.com\/blog\/#\/schema\/person\/0e76c63d04141dd4ae797ce19887e7a6","name":"admin_echlorial","sameAs":["http:\/\/www.echlorial.fr"],"url":"https:\/\/www.echlorial.fr\/blog\/author\/admin_echlorial\/"}]}},"_links":{"self":[{"href":"https:\/\/www.echlorial.fr\/blog\/wp-json\/wp\/v2\/posts\/6305"}],"collection":[{"href":"https:\/\/www.echlorial.fr\/blog\/wp-json\/wp\/v2\/posts"}],"about":[{"href":"https:\/\/www.echlorial.fr\/blog\/wp-json\/wp\/v2\/types\/post"}],"author":[{"embeddable":true,"href":"https:\/\/www.echlorial.fr\/blog\/wp-json\/wp\/v2\/users\/1"}],"replies":[{"embeddable":true,"href":"https:\/\/www.echlorial.fr\/blog\/wp-json\/wp\/v2\/comments?post=6305"}],"version-history":[{"count":19,"href":"https:\/\/www.echlorial.fr\/blog\/wp-json\/wp\/v2\/posts\/6305\/revisions"}],"predecessor-version":[{"id":12314,"href":"https:\/\/www.echlorial.fr\/blog\/wp-json\/wp\/v2\/posts\/6305\/revisions\/12314"}],"wp:attachment":[{"href":"https:\/\/www.echlorial.fr\/blog\/wp-json\/wp\/v2\/media?parent=6305"}],"wp:term":[{"taxonomy":"category","embeddable":true,"href":"https:\/\/www.echlorial.fr\/blog\/wp-json\/wp\/v2\/categories?post=6305"},{"taxonomy":"post_tag","embeddable":true,"href":"https:\/\/www.echlorial.fr\/blog\/wp-json\/wp\/v2\/tags?post=6305"}],"curies":[{"name":"wp","href":"https:\/\/api.w.org\/{rel}","templated":true}]}}